{"id":16194,"date":"2024-09-19T06:00:39","date_gmt":"2024-09-19T04:00:39","guid":{"rendered":"http:\/\/www.kle-blatt.de\/blog\/?p=16194"},"modified":"2024-07-23T11:11:09","modified_gmt":"2024-07-23T09:11:09","slug":"das-spezialgeschaeft-auf-der-kirchstrasse","status":"publish","type":"post","link":"https:\/\/www.kle-blatt.de\/blog\/kleve-in-foto-video\/das-spezialgeschaeft-auf-der-kirchstrasse.html","title":{"rendered":"Das Spezialgesch\u00e4ft auf der Kirchstra\u00dfe"},"content":{"rendered":"<p><strong>Das Spezialgesch\u00e4ft auf der Kirchstra\u00dfe<\/strong><\/p>\n<p>Auf dem alten Werbeschild rechts \u00fcber der sch\u00f6nen gestreiften Markise kann man es ablesen, um welches Unternehmen es sich hier gehandelt hat: Spezial Gesch\u00e4ft f\u00fcr Seilerwaren und Fischereiartikel. Der Anker mit den gekreuzten Harpunen \u00fcber dem Eingang deuten ebenfalls auf das Gewerk und die Handelsware hin. Hier konnte man also Seile und Taue in allen Gr\u00f6\u00dfen und Arten beziehen, sowie vermutlich alles, was zum Fischfang erforderlich war. Das wiederum d\u00fcrfte ein Zeichen daf\u00fcr sein, das die nahe liegenden Gew\u00e4sser Spoykanal und Kermisdahl noch \u00fcber ausreichend Fische verf\u00fcgten. Aber nat\u00fcrlich ging es haupts\u00e4chlich um den Rhein.<\/p>\n<p><a href=\"http:\/\/www.kle-blatt.de\/blog\/wp-content\/uploads\/2015\/08\/kirchstrasse-klein.jpg\"><img loading=\"lazy\" decoding=\"async\" class=\"size-full wp-image-16195 aligncenter\" src=\"https:\/\/www.kle-blatt.de\/blog\/wp-content\/uploads\/2015\/08\/kirchstrasse-klein.jpg\" alt=\"Das Spezialgesch\u00e4ft auf der Kirchstra\u00dfe\" width=\"849\" height=\"583\" \/><\/a><\/p>\n","protected":false},"excerpt":{"rendered":"<p>Das Spezialgesch\u00e4ft auf der Kirchstra\u00dfe Auf dem alten Werbeschild rechts \u00fcber der sch\u00f6nen gestreiften Markise kann man es ablesen, um &hellip; <a href=\"https:\/\/www.kle-blatt.de\/blog\/kleve-in-foto-video\/das-spezialgeschaeft-auf-der-kirchstrasse.html\" class=\"more-link\"><span class=\"more-button\">Weiterlesen<span class=\"screen-reader-text\">Das Spezialgesch\u00e4ft auf der Kirchstra\u00dfe<\/span><\/span><\/a><\/p>\n","protected":false},"author":2,"featured_media":16195,"comment_status":"closed","ping_status":"closed","sticky":false,"template":"","format":"standard","meta":{"footnotes":""},"categories":[3],"tags":[3384],"class_list":["post-16194","post","type-post","status-publish","format-standard","has-post-thumbnail","hentry","category-kleve-in-foto-video","tag-das-spezialgeschaeft-auf-der-kirchstrasse"],"_links":{"self":[{"href":"https:\/\/www.kle-blatt.de\/blog\/wp-json\/wp\/v2\/posts\/16194","targetHints":{"allow":["GET"]}}],"collection":[{"href":"https:\/\/www.kle-blatt.de\/blog\/wp-json\/wp\/v2\/posts"}],"about":[{"href":"https:\/\/www.kle-blatt.de\/blog\/wp-json\/wp\/v2\/types\/post"}],"author":[{"embeddable":true,"href":"https:\/\/www.kle-blatt.de\/blog\/wp-json\/wp\/v2\/users\/2"}],"replies":[{"embeddable":true,"href":"https:\/\/www.kle-blatt.de\/blog\/wp-json\/wp\/v2\/comments?post=16194"}],"version-history":[{"count":2,"href":"https:\/\/www.kle-blatt.de\/blog\/wp-json\/wp\/v2\/posts\/16194\/revisions"}],"predecessor-version":[{"id":34172,"href":"https:\/\/www.kle-blatt.de\/blog\/wp-json\/wp\/v2\/posts\/16194\/revisions\/34172"}],"wp:featuredmedia":[{"embeddable":true,"href":"https:\/\/www.kle-blatt.de\/blog\/wp-json\/wp\/v2\/media\/16195"}],"wp:attachment":[{"href":"https:\/\/www.kle-blatt.de\/blog\/wp-json\/wp\/v2\/media?parent=16194"}],"wp:term":[{"taxonomy":"category","embeddable":true,"href":"https:\/\/www.kle-blatt.de\/blog\/wp-json\/wp\/v2\/categories?post=16194"},{"taxonomy":"post_tag","embeddable":true,"href":"https:\/\/www.kle-blatt.de\/blog\/wp-json\/wp\/v2\/tags?post=16194"}],"curies":[{"name":"wp","href":"https:\/\/api.w.org\/{rel}","templated":true}]}}