{"id":16243,"date":"2022-09-11T06:00:44","date_gmt":"2022-09-11T04:00:44","guid":{"rendered":"http:\/\/www.kle-blatt.de\/blog\/?p=16243"},"modified":"2022-08-29T13:37:08","modified_gmt":"2022-08-29T11:37:08","slug":"eine-klever-legende-das-tanzlokal-caliente","status":"publish","type":"post","link":"https:\/\/www.kle-blatt.de\/blog\/kleve-in-foto-video\/aus-dem-privatalbum\/eine-klever-legende-das-tanzlokal-caliente.html","title":{"rendered":"Eine Klever Legende: Das Tanzlokal Caliente"},"content":{"rendered":"<p><strong>Eine Klever Legende: Das Tanzlokal Caliente<\/strong><\/p>\n<p>Willkommen im Caliente in Kleve. Einige Jahre durchschritten tausende von Tanz- und Feier-w\u00fctigen Menschen diesen schmalen Eingang, zu dem man fast wie in einen Keller gelangte. Aber hinter dieser T\u00fcr erschloss sich das Disko-Paradies der damaligen Klever Jugend, wie es auch bei zahlreichen anderen Feier-Tempeln in der Stadt so war. Bei den meisten Menschen scheint es so zu sein, das man sich am liebsten an diese Jugendzeiten erinnert und man bedauert, das es schon so lange her ist. Ebenso bedauert man die Jugend von heute, das sie diese Zeiten nicht nachvollziehen kann. Aber jedes Alter hat seine eigenen Erlebnisse und die damit verbundenen Erinnerungen. Komischerweise denkt\u00a0man fast ausschlie\u00dflich an die sch\u00f6nen Momente des Lebens. Dazu hat auch die Disko Caliente ihren Teil beigetragen f\u00fcr eine heute bereits \u00e4ltere Generation.<\/p>\n<p><a href=\"http:\/\/www.kle-blatt.de\/blog\/wp-content\/uploads\/2015\/08\/tanzlokal-caliente.jpg\"><img loading=\"lazy\" decoding=\"async\" class=\"size-full wp-image-16244 aligncenter\" src=\"http:\/\/www.kle-blatt.de\/blog\/wp-content\/uploads\/2015\/08\/tanzlokal-caliente.jpg\" alt=\"Eine Klever Legende: Das Tanzlokal Caliente\" width=\"850\" height=\"534\" \/><\/a><br \/>\n(Foto: Dave Davis)<\/p>\n","protected":false},"excerpt":{"rendered":"<p>Eine Klever Legende: Das Tanzlokal Caliente Willkommen im Caliente in Kleve. Einige Jahre durchschritten tausende von Tanz- und Feier-w\u00fctigen Menschen &hellip; <a href=\"https:\/\/www.kle-blatt.de\/blog\/kleve-in-foto-video\/aus-dem-privatalbum\/eine-klever-legende-das-tanzlokal-caliente.html\" class=\"more-link\"><span class=\"more-button\">Weiterlesen<span class=\"screen-reader-text\">Eine Klever Legende: Das Tanzlokal Caliente<\/span><\/span><\/a><\/p>\n","protected":false},"author":2,"featured_media":16244,"comment_status":"open","ping_status":"closed","sticky":false,"template":"","format":"standard","meta":{"footnotes":""},"categories":[20,5279],"tags":[3399],"class_list":["post-16243","post","type-post","status-publish","format-standard","has-post-thumbnail","hentry","category-aus-dem-privatalbum","category-klever-musik-und-diskoszene","tag-eine-klever-legende-das-tanzlokal-caliente"],"_links":{"self":[{"href":"https:\/\/www.kle-blatt.de\/blog\/wp-json\/wp\/v2\/posts\/16243","targetHints":{"allow":["GET"]}}],"collection":[{"href":"https:\/\/www.kle-blatt.de\/blog\/wp-json\/wp\/v2\/posts"}],"about":[{"href":"https:\/\/www.kle-blatt.de\/blog\/wp-json\/wp\/v2\/types\/post"}],"author":[{"embeddable":true,"href":"https:\/\/www.kle-blatt.de\/blog\/wp-json\/wp\/v2\/users\/2"}],"replies":[{"embeddable":true,"href":"https:\/\/www.kle-blatt.de\/blog\/wp-json\/wp\/v2\/comments?post=16243"}],"version-history":[{"count":1,"href":"https:\/\/www.kle-blatt.de\/blog\/wp-json\/wp\/v2\/posts\/16243\/revisions"}],"predecessor-version":[{"id":30958,"href":"https:\/\/www.kle-blatt.de\/blog\/wp-json\/wp\/v2\/posts\/16243\/revisions\/30958"}],"wp:featuredmedia":[{"embeddable":true,"href":"https:\/\/www.kle-blatt.de\/blog\/wp-json\/wp\/v2\/media\/16244"}],"wp:attachment":[{"href":"https:\/\/www.kle-blatt.de\/blog\/wp-json\/wp\/v2\/media?parent=16243"}],"wp:term":[{"taxonomy":"category","embeddable":true,"href":"https:\/\/www.kle-blatt.de\/blog\/wp-json\/wp\/v2\/categories?post=16243"},{"taxonomy":"post_tag","embeddable":true,"href":"https:\/\/www.kle-blatt.de\/blog\/wp-json\/wp\/v2\/tags?post=16243"}],"curies":[{"name":"wp","href":"https:\/\/api.w.org\/{rel}","templated":true}]}}