{"id":16253,"date":"2021-06-15T07:10:37","date_gmt":"2021-06-15T05:10:37","guid":{"rendered":"http:\/\/www.kle-blatt.de\/blog\/?p=16253"},"modified":"2021-05-18T12:13:11","modified_gmt":"2021-05-18T10:13:11","slug":"dweilorchest-beim-stadtfest-kleve-2011","status":"publish","type":"post","link":"https:\/\/www.kle-blatt.de\/blog\/kleve-in-foto-video\/dweilorchest-beim-stadtfest-kleve-2011.html","title":{"rendered":"Zuh\u00f6ren: Dweilorchest beim Klever Stadtfest"},"content":{"rendered":"<p><strong>Zuh\u00f6ren: Dweilorchest beim Stadtfest Kleve 2011<\/strong><\/p>\n<p>Die fetzige Musik der niederl\u00e4ndischen Dweilorchests erfreute sich immer gro\u00dfer Beliebtheit in Kleve. Sie kamen zu fast allen feierlichen Anl\u00e4ssen und brachten ihr flottes Repertoir zu Geh\u00f6r. Hier zur Erinnerung die fr\u00f6hliche Musik eines typischen holl\u00e4ndischen Dweilorchest, das damals in der City auftrat.<\/p>\n<p><iframe loading=\"lazy\" src=\"https:\/\/www.youtube.com\/embed\/Tn1TEuN08qQ\" width=\"850\" height=\"530\" frameborder=\"0\" allowfullscreen=\"allowfullscreen\"><span data-mce-type=\"bookmark\" style=\"display: inline-block; width: 0px; overflow: hidden; line-height: 0;\" class=\"mce_SELRES_start\">\ufeff<\/span><\/iframe><\/p>\n<p>(Video: Bandit6685)<\/p>\n","protected":false},"excerpt":{"rendered":"<p>Zuh\u00f6ren: Dweilorchest beim Stadtfest Kleve 2011 Die fetzige Musik der niederl\u00e4ndischen Dweilorchests erfreute sich immer gro\u00dfer Beliebtheit in Kleve. Sie &hellip; <a href=\"https:\/\/www.kle-blatt.de\/blog\/kleve-in-foto-video\/dweilorchest-beim-stadtfest-kleve-2011.html\" class=\"more-link\"><span class=\"more-button\">Weiterlesen<span class=\"screen-reader-text\">Zuh\u00f6ren: Dweilorchest beim Klever Stadtfest<\/span><\/span><\/a><\/p>\n","protected":false},"author":2,"featured_media":0,"comment_status":"open","ping_status":"closed","sticky":false,"template":"","format":"standard","meta":{"footnotes":""},"categories":[3],"tags":[4442,3404],"class_list":["post-16253","post","type-post","status-publish","format-standard","hentry","category-kleve-in-foto-video","tag-dweilorchest-beim-stadtfest-kleve-2011","tag-stadtfest-kleve-2011"],"_links":{"self":[{"href":"https:\/\/www.kle-blatt.de\/blog\/wp-json\/wp\/v2\/posts\/16253","targetHints":{"allow":["GET"]}}],"collection":[{"href":"https:\/\/www.kle-blatt.de\/blog\/wp-json\/wp\/v2\/posts"}],"about":[{"href":"https:\/\/www.kle-blatt.de\/blog\/wp-json\/wp\/v2\/types\/post"}],"author":[{"embeddable":true,"href":"https:\/\/www.kle-blatt.de\/blog\/wp-json\/wp\/v2\/users\/2"}],"replies":[{"embeddable":true,"href":"https:\/\/www.kle-blatt.de\/blog\/wp-json\/wp\/v2\/comments?post=16253"}],"version-history":[{"count":2,"href":"https:\/\/www.kle-blatt.de\/blog\/wp-json\/wp\/v2\/posts\/16253\/revisions"}],"predecessor-version":[{"id":28828,"href":"https:\/\/www.kle-blatt.de\/blog\/wp-json\/wp\/v2\/posts\/16253\/revisions\/28828"}],"wp:attachment":[{"href":"https:\/\/www.kle-blatt.de\/blog\/wp-json\/wp\/v2\/media?parent=16253"}],"wp:term":[{"taxonomy":"category","embeddable":true,"href":"https:\/\/www.kle-blatt.de\/blog\/wp-json\/wp\/v2\/categories?post=16253"},{"taxonomy":"post_tag","embeddable":true,"href":"https:\/\/www.kle-blatt.de\/blog\/wp-json\/wp\/v2\/tags?post=16253"}],"curies":[{"name":"wp","href":"https:\/\/api.w.org\/{rel}","templated":true}]}}