{"id":16257,"date":"2022-09-07T06:00:31","date_gmt":"2022-09-07T04:00:31","guid":{"rendered":"http:\/\/www.kle-blatt.de\/blog\/?p=16257"},"modified":"2022-08-29T13:33:18","modified_gmt":"2022-08-29T11:33:18","slug":"herbst-in-kleve-ein-kleiner-film","status":"publish","type":"post","link":"https:\/\/www.kle-blatt.de\/blog\/kleve-in-foto-video\/herbst-in-kleve-ein-kleiner-film.html","title":{"rendered":"Herbst in Kleve &#8211; Ein kleiner Film"},"content":{"rendered":"<p><strong>Herbst in Kleve &#8211; Ein kleiner Film<\/strong><\/p>\n<p>Der Sommer ist gegangen und der Herbst f\u00e4ngt heute auch offiziell an. Aber diese Jahreszeit hat naturgem\u00e4\u00df ihre ganz besonderen Reize. In diesem kleinen kurzen Film sehen wir Stadt und Landschaft von Kleve in sch\u00f6nen herbstlichen Bildern.<\/p>\n<p><iframe loading=\"lazy\" src=\"https:\/\/www.youtube.com\/embed\/qJ8iBjPpSVg\" width=\"650\" height=\"360\" frameborder=\"0\" allowfullscreen=\"allowfullscreen\"><\/iframe><br \/>\n(Video von Kleve Marketing)<\/p>\n","protected":false},"excerpt":{"rendered":"<p>Herbst in Kleve &#8211; Ein kleiner Film Der Sommer ist gegangen und der Herbst f\u00e4ngt heute auch offiziell an. Aber &hellip; <a href=\"https:\/\/www.kle-blatt.de\/blog\/kleve-in-foto-video\/herbst-in-kleve-ein-kleiner-film.html\" class=\"more-link\"><span class=\"more-button\">Weiterlesen<span class=\"screen-reader-text\">Herbst in Kleve &#8211; Ein kleiner Film<\/span><\/span><\/a><\/p>\n","protected":false},"author":2,"featured_media":0,"comment_status":"open","ping_status":"closed","sticky":false,"template":"","format":"standard","meta":{"footnotes":""},"categories":[3],"tags":[3450],"class_list":["post-16257","post","type-post","status-publish","format-standard","hentry","category-kleve-in-foto-video","tag-herbst-in-kleve-ein-kleiner-film"],"_links":{"self":[{"href":"https:\/\/www.kle-blatt.de\/blog\/wp-json\/wp\/v2\/posts\/16257","targetHints":{"allow":["GET"]}}],"collection":[{"href":"https:\/\/www.kle-blatt.de\/blog\/wp-json\/wp\/v2\/posts"}],"about":[{"href":"https:\/\/www.kle-blatt.de\/blog\/wp-json\/wp\/v2\/types\/post"}],"author":[{"embeddable":true,"href":"https:\/\/www.kle-blatt.de\/blog\/wp-json\/wp\/v2\/users\/2"}],"replies":[{"embeddable":true,"href":"https:\/\/www.kle-blatt.de\/blog\/wp-json\/wp\/v2\/comments?post=16257"}],"version-history":[{"count":2,"href":"https:\/\/www.kle-blatt.de\/blog\/wp-json\/wp\/v2\/posts\/16257\/revisions"}],"predecessor-version":[{"id":30955,"href":"https:\/\/www.kle-blatt.de\/blog\/wp-json\/wp\/v2\/posts\/16257\/revisions\/30955"}],"wp:attachment":[{"href":"https:\/\/www.kle-blatt.de\/blog\/wp-json\/wp\/v2\/media?parent=16257"}],"wp:term":[{"taxonomy":"category","embeddable":true,"href":"https:\/\/www.kle-blatt.de\/blog\/wp-json\/wp\/v2\/categories?post=16257"},{"taxonomy":"post_tag","embeddable":true,"href":"https:\/\/www.kle-blatt.de\/blog\/wp-json\/wp\/v2\/tags?post=16257"}],"curies":[{"name":"wp","href":"https:\/\/api.w.org\/{rel}","templated":true}]}}