{"id":16277,"date":"2023-09-13T07:00:19","date_gmt":"2023-09-13T05:00:19","guid":{"rendered":"http:\/\/www.kle-blatt.de\/blog\/?p=16277"},"modified":"2023-08-14T11:25:00","modified_gmt":"2023-08-14T09:25:00","slug":"der-natuerlicher-maler-des-forstgartens","status":"publish","type":"post","link":"https:\/\/www.kle-blatt.de\/blog\/kleve-in-foto-video\/aus-dem-privatalbum\/der-natuerlicher-maler-des-forstgartens.html","title":{"rendered":"Der nat\u00fcrliche Maler des Forstgartens"},"content":{"rendered":"<p><strong>Der nat\u00fcrliche Maler des Forstgartens<\/strong><\/p>\n<p>So kunterbunt malt der Herbst die B\u00e4ume und Str\u00e4ucher im Herbst. Es beginnt dann die Zeit, wo tonnenweise Laubbl\u00e4tter den Boden bedecken und bei Feuchtigkeit einen rutschigen Unterboden produzieren. Im Forstgarten begegnet man immer mehr flei\u00dfigen Helfern der Stadt, die daf\u00fcr Sorge tragen, das die Gehwege sauber bleiben und das Laub auf gro\u00dfe Haufen gepustet und dann abtransportiert wird. Apropos: Jeder wei\u00df, das das einzige Laub, das nie w\u00e4chst und immer k\u00fcrzer wird, Urlaub ist. \ud83d\ude42<\/p>\n<p><a href=\"http:\/\/www.kle-blatt.de\/blog\/wp-content\/uploads\/2015\/08\/herbst-im-forstgarten.jpg\"><img loading=\"lazy\" decoding=\"async\" class=\"size-full wp-image-16278 aligncenter\" src=\"https:\/\/www.kle-blatt.de\/blog\/wp-content\/uploads\/2015\/08\/herbst-im-forstgarten.jpg\" alt=\"Der nat\u00fcrliche Maler des Forstgartens\" width=\"850\" height=\"588\" \/><\/a><br \/>\n(Foto: KLE-Blatt)<\/p>\n","protected":false},"excerpt":{"rendered":"<p>Der nat\u00fcrliche Maler des Forstgartens So kunterbunt malt der Herbst die B\u00e4ume und Str\u00e4ucher im Herbst. Es beginnt dann die &hellip; <a href=\"https:\/\/www.kle-blatt.de\/blog\/kleve-in-foto-video\/aus-dem-privatalbum\/der-natuerlicher-maler-des-forstgartens.html\" class=\"more-link\"><span class=\"more-button\">Weiterlesen<span class=\"screen-reader-text\">Der nat\u00fcrliche Maler des Forstgartens<\/span><\/span><\/a><\/p>\n","protected":false},"author":2,"featured_media":16278,"comment_status":"closed","ping_status":"closed","sticky":false,"template":"","format":"standard","meta":{"footnotes":""},"categories":[20],"tags":[4093],"class_list":["post-16277","post","type-post","status-publish","format-standard","has-post-thumbnail","hentry","category-aus-dem-privatalbum","tag-der-natuerliche-maler-des-forstgartens"],"_links":{"self":[{"href":"https:\/\/www.kle-blatt.de\/blog\/wp-json\/wp\/v2\/posts\/16277","targetHints":{"allow":["GET"]}}],"collection":[{"href":"https:\/\/www.kle-blatt.de\/blog\/wp-json\/wp\/v2\/posts"}],"about":[{"href":"https:\/\/www.kle-blatt.de\/blog\/wp-json\/wp\/v2\/types\/post"}],"author":[{"embeddable":true,"href":"https:\/\/www.kle-blatt.de\/blog\/wp-json\/wp\/v2\/users\/2"}],"replies":[{"embeddable":true,"href":"https:\/\/www.kle-blatt.de\/blog\/wp-json\/wp\/v2\/comments?post=16277"}],"version-history":[{"count":2,"href":"https:\/\/www.kle-blatt.de\/blog\/wp-json\/wp\/v2\/posts\/16277\/revisions"}],"predecessor-version":[{"id":32574,"href":"https:\/\/www.kle-blatt.de\/blog\/wp-json\/wp\/v2\/posts\/16277\/revisions\/32574"}],"wp:featuredmedia":[{"embeddable":true,"href":"https:\/\/www.kle-blatt.de\/blog\/wp-json\/wp\/v2\/media\/16278"}],"wp:attachment":[{"href":"https:\/\/www.kle-blatt.de\/blog\/wp-json\/wp\/v2\/media?parent=16277"}],"wp:term":[{"taxonomy":"category","embeddable":true,"href":"https:\/\/www.kle-blatt.de\/blog\/wp-json\/wp\/v2\/categories?post=16277"},{"taxonomy":"post_tag","embeddable":true,"href":"https:\/\/www.kle-blatt.de\/blog\/wp-json\/wp\/v2\/tags?post=16277"}],"curies":[{"name":"wp","href":"https:\/\/api.w.org\/{rel}","templated":true}]}}