{"id":16329,"date":"2023-09-03T06:20:43","date_gmt":"2023-09-03T04:20:43","guid":{"rendered":"http:\/\/www.kle-blatt.de\/blog\/?p=16329"},"modified":"2023-08-12T11:20:18","modified_gmt":"2023-08-12T09:20:18","slug":"die-geschichtstraechtige-treppe-im-forstgarten","status":"publish","type":"post","link":"https:\/\/www.kle-blatt.de\/blog\/kleve-in-foto-video\/aus-dem-privatalbum\/die-geschichtstraechtige-treppe-im-forstgarten.html","title":{"rendered":"Die geschichtstr\u00e4chtige Treppe im Forstgarten"},"content":{"rendered":"<p><strong>Die geschichtstr\u00e4chtige Treppe im Forstgarten<\/strong><\/p>\n<p>Wieviel Menschen m\u00f6gen\u00a0im Laufe der Jahrhunderte wohl schon \u00fcber diese Treppe gelaufen sein, die vom Forstgarten aus zum Kurhaus f\u00fchrt? Es werden unz\u00e4hlige sein, denn dieses Bauwerk ist so alt wie die Klever Anlage am und um den Tiergartenwald selbst. Und dennoch hat sie nichts von ihrem eigenen Charme verloren. Also &#8211; lauft mal wieder r\u00fcber&#8230;<\/p>\n<p><a href=\"http:\/\/www.kle-blatt.de\/blog\/wp-content\/uploads\/2015\/08\/treppe-forstgarten.jpg\"><img loading=\"lazy\" decoding=\"async\" class=\"size-full wp-image-16330 aligncenter\" src=\"https:\/\/www.kle-blatt.de\/blog\/wp-content\/uploads\/2015\/08\/treppe-forstgarten.jpg\" alt=\"Die geschichtstr\u00e4chtige Treppe im Forstgarten\" width=\"850\" height=\"784\" \/><\/a><br \/>\n(Foto: Oliver Gubbels)<\/p>\n","protected":false},"excerpt":{"rendered":"<p>Die geschichtstr\u00e4chtige Treppe im Forstgarten Wieviel Menschen m\u00f6gen\u00a0im Laufe der Jahrhunderte wohl schon \u00fcber diese Treppe gelaufen sein, die vom &hellip; <a href=\"https:\/\/www.kle-blatt.de\/blog\/kleve-in-foto-video\/aus-dem-privatalbum\/die-geschichtstraechtige-treppe-im-forstgarten.html\" class=\"more-link\"><span class=\"more-button\">Weiterlesen<span class=\"screen-reader-text\">Die geschichtstr\u00e4chtige Treppe im Forstgarten<\/span><\/span><\/a><\/p>\n","protected":false},"author":2,"featured_media":16330,"comment_status":"closed","ping_status":"closed","sticky":false,"template":"","format":"standard","meta":{"footnotes":""},"categories":[20],"tags":[3421],"class_list":["post-16329","post","type-post","status-publish","format-standard","has-post-thumbnail","hentry","category-aus-dem-privatalbum","tag-die-geschichtstraechtige-treppe-im-forstgarten"],"_links":{"self":[{"href":"https:\/\/www.kle-blatt.de\/blog\/wp-json\/wp\/v2\/posts\/16329","targetHints":{"allow":["GET"]}}],"collection":[{"href":"https:\/\/www.kle-blatt.de\/blog\/wp-json\/wp\/v2\/posts"}],"about":[{"href":"https:\/\/www.kle-blatt.de\/blog\/wp-json\/wp\/v2\/types\/post"}],"author":[{"embeddable":true,"href":"https:\/\/www.kle-blatt.de\/blog\/wp-json\/wp\/v2\/users\/2"}],"replies":[{"embeddable":true,"href":"https:\/\/www.kle-blatt.de\/blog\/wp-json\/wp\/v2\/comments?post=16329"}],"version-history":[{"count":2,"href":"https:\/\/www.kle-blatt.de\/blog\/wp-json\/wp\/v2\/posts\/16329\/revisions"}],"predecessor-version":[{"id":32517,"href":"https:\/\/www.kle-blatt.de\/blog\/wp-json\/wp\/v2\/posts\/16329\/revisions\/32517"}],"wp:featuredmedia":[{"embeddable":true,"href":"https:\/\/www.kle-blatt.de\/blog\/wp-json\/wp\/v2\/media\/16330"}],"wp:attachment":[{"href":"https:\/\/www.kle-blatt.de\/blog\/wp-json\/wp\/v2\/media?parent=16329"}],"wp:term":[{"taxonomy":"category","embeddable":true,"href":"https:\/\/www.kle-blatt.de\/blog\/wp-json\/wp\/v2\/categories?post=16329"},{"taxonomy":"post_tag","embeddable":true,"href":"https:\/\/www.kle-blatt.de\/blog\/wp-json\/wp\/v2\/tags?post=16329"}],"curies":[{"name":"wp","href":"https:\/\/api.w.org\/{rel}","templated":true}]}}