{"id":16332,"date":"2023-09-03T07:00:39","date_gmt":"2023-09-03T05:00:39","guid":{"rendered":"http:\/\/www.kle-blatt.de\/blog\/?p=16332"},"modified":"2023-08-14T11:29:33","modified_gmt":"2023-08-14T09:29:33","slug":"der-grenzuebergang-in-bimmen","status":"publish","type":"post","link":"https:\/\/www.kle-blatt.de\/blog\/kleve-in-foto-video\/der-grenzuebergang-in-bimmen.html","title":{"rendered":"Auch genutzt? Der Grenz\u00fcbergang in Bimmen"},"content":{"rendered":"<p><strong>Auch genutzt? Der Grenz\u00fcbergang in Bimmen<\/strong><\/p>\n<p>W\u00fcrde er jetzt gerne r\u00fcber gehen oder ist er froh, das er auf seiner Seite der Grenz-Schranke steht? Man wei\u00df es wohl nicht mehr. Der Mantel allerdings w\u00e4re gro\u00df genug, um ein Paar Packungen Zigaretten und Schokolade zu schmuggeln, was damals ja als Kavaliers-Delikt durchging. Bei n\u00e4herem Hinsehen k\u00f6nnte es sich nat\u00fcrlich auch um einen Grenz-Beamten handeln, der gelangweilt zur anderen Seite hin\u00fcber schaut und sich die spielenden Kinder ansieht. \ud83d\ude09<\/p>\n<p><a href=\"http:\/\/www.kle-blatt.de\/blog\/wp-content\/uploads\/2015\/08\/grenze-bimmen.jpg\"><img loading=\"lazy\" decoding=\"async\" class=\"size-full wp-image-16333 aligncenter\" src=\"https:\/\/www.kle-blatt.de\/blog\/wp-content\/uploads\/2015\/08\/grenze-bimmen.jpg\" alt=\"Der Grenz\u00fcbergang in Bimmen\" width=\"850\" height=\"498\" \/><\/a><br \/>\n(Foto eingereicht von Peter Nengel)<\/p>\n","protected":false},"excerpt":{"rendered":"<p>Auch genutzt? Der Grenz\u00fcbergang in Bimmen W\u00fcrde er jetzt gerne r\u00fcber gehen oder ist er froh, das er auf seiner &hellip; <a href=\"https:\/\/www.kle-blatt.de\/blog\/kleve-in-foto-video\/der-grenzuebergang-in-bimmen.html\" class=\"more-link\"><span class=\"more-button\">Weiterlesen<span class=\"screen-reader-text\">Auch genutzt? Der Grenz\u00fcbergang in Bimmen<\/span><\/span><\/a><\/p>\n","protected":false},"author":2,"featured_media":16333,"comment_status":"closed","ping_status":"closed","sticky":false,"template":"","format":"standard","meta":{"footnotes":""},"categories":[3],"tags":[3422],"class_list":["post-16332","post","type-post","status-publish","format-standard","has-post-thumbnail","hentry","category-kleve-in-foto-video","tag-der-grenzuebergang-in-bimmen"],"_links":{"self":[{"href":"https:\/\/www.kle-blatt.de\/blog\/wp-json\/wp\/v2\/posts\/16332","targetHints":{"allow":["GET"]}}],"collection":[{"href":"https:\/\/www.kle-blatt.de\/blog\/wp-json\/wp\/v2\/posts"}],"about":[{"href":"https:\/\/www.kle-blatt.de\/blog\/wp-json\/wp\/v2\/types\/post"}],"author":[{"embeddable":true,"href":"https:\/\/www.kle-blatt.de\/blog\/wp-json\/wp\/v2\/users\/2"}],"replies":[{"embeddable":true,"href":"https:\/\/www.kle-blatt.de\/blog\/wp-json\/wp\/v2\/comments?post=16332"}],"version-history":[{"count":2,"href":"https:\/\/www.kle-blatt.de\/blog\/wp-json\/wp\/v2\/posts\/16332\/revisions"}],"predecessor-version":[{"id":32580,"href":"https:\/\/www.kle-blatt.de\/blog\/wp-json\/wp\/v2\/posts\/16332\/revisions\/32580"}],"wp:featuredmedia":[{"embeddable":true,"href":"https:\/\/www.kle-blatt.de\/blog\/wp-json\/wp\/v2\/media\/16333"}],"wp:attachment":[{"href":"https:\/\/www.kle-blatt.de\/blog\/wp-json\/wp\/v2\/media?parent=16332"}],"wp:term":[{"taxonomy":"category","embeddable":true,"href":"https:\/\/www.kle-blatt.de\/blog\/wp-json\/wp\/v2\/categories?post=16332"},{"taxonomy":"post_tag","embeddable":true,"href":"https:\/\/www.kle-blatt.de\/blog\/wp-json\/wp\/v2\/tags?post=16332"}],"curies":[{"name":"wp","href":"https:\/\/api.w.org\/{rel}","templated":true}]}}