{"id":16384,"date":"2018-09-29T07:00:41","date_gmt":"2018-09-29T05:00:41","guid":{"rendered":"http:\/\/www.kle-blatt.de\/blog\/?p=16384"},"modified":"2018-08-18T12:51:55","modified_gmt":"2018-08-18T10:51:55","slug":"abschied-von-der-klever-strassenbahn-3","status":"publish","type":"post","link":"https:\/\/www.kle-blatt.de\/blog\/kleve-in-foto-video\/aus-dem-privatalbum\/abschied-von-der-klever-strassenbahn-3.html","title":{"rendered":"Abschied von der Klever Stra\u00dfenbahn"},"content":{"rendered":"<p><strong>Abschied von der Klever Stra\u00dfenbahn<\/strong><\/p>\n<p>Anwohner an Stra\u00dfenbahn-Haltestellen in Kleve weinten im Jahre 1962 der &#8222;Elektrischen&#8220; keine Tr\u00e4ne nach, als sie offiziell verabschiedet wurde.<\/p>\n<p>Der Nerven zerrei\u00dfende Krach, mit dem das Schienenfahrzeug schon fr\u00fch am Morgen die Leute aus den Betten\u00a0warf, wich einer pl\u00f6tzlich ungewohnten Ruhe. Busse \u00fcbernahmen immer mehr die lokale Personen-Bef\u00f6rderung und immer mehr Autos dr\u00e4ngten auf die Stra\u00dfen. Hier sehen mit Girlanden geschm\u00fcckt wir die letzte Fahrt eines\u00a0Klassikers der Klever Geschichte.<\/p>\n<p><a href=\"http:\/\/www.kle-blatt.de\/blog\/wp-content\/uploads\/2015\/08\/abschied-stra\u00dfenbahn-1959-2.jpg\"><img loading=\"lazy\" decoding=\"async\" class=\"alignleft size-full wp-image-16385\" src=\"http:\/\/www.kle-blatt.de\/blog\/wp-content\/uploads\/2015\/08\/abschied-stra\u00dfenbahn-1959-2.jpg\" alt=\"Abschied von der Klever Stra\u00dfenbahn\" width=\"849\" height=\"550\" \/><\/a><br \/>\n(Foto: Rainer Killemann)<\/p>\n","protected":false},"excerpt":{"rendered":"<p>Abschied von der Klever Stra\u00dfenbahn Anwohner an Stra\u00dfenbahn-Haltestellen in Kleve weinten im Jahre 1962 der &#8222;Elektrischen&#8220; keine Tr\u00e4ne nach, als &hellip; <a href=\"https:\/\/www.kle-blatt.de\/blog\/kleve-in-foto-video\/aus-dem-privatalbum\/abschied-von-der-klever-strassenbahn-3.html\" class=\"more-link\"><span class=\"more-button\">Weiterlesen<span class=\"screen-reader-text\">Abschied von der Klever Stra\u00dfenbahn<\/span><\/span><\/a><\/p>\n","protected":false},"author":2,"featured_media":0,"comment_status":"open","ping_status":"closed","sticky":false,"template":"","format":"standard","meta":{"footnotes":""},"categories":[20],"tags":[2632],"class_list":["post-16384","post","type-post","status-publish","format-standard","hentry","category-aus-dem-privatalbum","tag-abschied-von-der-klever-strassenbahn"],"_links":{"self":[{"href":"https:\/\/www.kle-blatt.de\/blog\/wp-json\/wp\/v2\/posts\/16384","targetHints":{"allow":["GET"]}}],"collection":[{"href":"https:\/\/www.kle-blatt.de\/blog\/wp-json\/wp\/v2\/posts"}],"about":[{"href":"https:\/\/www.kle-blatt.de\/blog\/wp-json\/wp\/v2\/types\/post"}],"author":[{"embeddable":true,"href":"https:\/\/www.kle-blatt.de\/blog\/wp-json\/wp\/v2\/users\/2"}],"replies":[{"embeddable":true,"href":"https:\/\/www.kle-blatt.de\/blog\/wp-json\/wp\/v2\/comments?post=16384"}],"version-history":[{"count":0,"href":"https:\/\/www.kle-blatt.de\/blog\/wp-json\/wp\/v2\/posts\/16384\/revisions"}],"wp:attachment":[{"href":"https:\/\/www.kle-blatt.de\/blog\/wp-json\/wp\/v2\/media?parent=16384"}],"wp:term":[{"taxonomy":"category","embeddable":true,"href":"https:\/\/www.kle-blatt.de\/blog\/wp-json\/wp\/v2\/categories?post=16384"},{"taxonomy":"post_tag","embeddable":true,"href":"https:\/\/www.kle-blatt.de\/blog\/wp-json\/wp\/v2\/tags?post=16384"}],"curies":[{"name":"wp","href":"https:\/\/api.w.org\/{rel}","templated":true}]}}