{"id":16387,"date":"2022-09-06T06:00:40","date_gmt":"2022-09-06T04:00:40","guid":{"rendered":"http:\/\/www.kle-blatt.de\/blog\/?p=16387"},"modified":"2022-08-29T13:29:00","modified_gmt":"2022-08-29T11:29:00","slug":"parkplaetze-auf-der-grossen-strasse-in-kleve-2","status":"publish","type":"post","link":"https:\/\/www.kle-blatt.de\/blog\/kleve-in-foto-video\/aus-dem-privatalbum\/parkplaetze-auf-der-grossen-strasse-in-kleve-2.html","title":{"rendered":"Parkpl\u00e4tze auf der Gro\u00dfen Stra\u00dfe in Kleve"},"content":{"rendered":"<p><strong>Parkpl\u00e4tze auf der Gro\u00dfen Stra\u00dfe in Kleve<\/strong><\/p>\n<p>Nun &#8211; die gibt es schon l\u00e4nger nicht mehr, aber hier sehen wir, wie es in den Siebzigern noch dort ausgesehen hat. Der Verkehr wurde immer dichter, bis man seitens der Stadt Kleve den Entschluss fasste, hier eine Fu\u00dfg\u00e4ngerzone zu bauen. Viele der hier noch zu bestaunenden Gesch\u00e4fte sind immer noch da, andere sind mittlerweile dem Fortschritt zum Opfer gefallen oder mussten aus anderen Gr\u00fcnden ihre Pforten schlie\u00dfen. Was man hier auf keinen Fall sehen kann sind Handy-L\u00e4den. \ud83d\ude42<\/p>\n<p><a href=\"http:\/\/www.kle-blatt.de\/blog\/wp-content\/uploads\/2015\/08\/gro\u00dfe-stra\u00dfe-70er-1.jpg\"><img loading=\"lazy\" decoding=\"async\" class=\"size-full wp-image-16388 aligncenter\" src=\"http:\/\/www.kle-blatt.de\/blog\/wp-content\/uploads\/2015\/08\/gro\u00dfe-stra\u00dfe-70er-1.jpg\" alt=\"Parkpl\u00e4tze auf der Gro\u00dfen Stra\u00dfe in Kleve\" width=\"850\" height=\"656\" \/><\/a><br \/>\n(Foto: Rainer Killemann)<\/p>\n","protected":false},"excerpt":{"rendered":"<p>Parkpl\u00e4tze auf der Gro\u00dfen Stra\u00dfe in Kleve Nun &#8211; die gibt es schon l\u00e4nger nicht mehr, aber hier sehen wir, &hellip; <a href=\"https:\/\/www.kle-blatt.de\/blog\/kleve-in-foto-video\/aus-dem-privatalbum\/parkplaetze-auf-der-grossen-strasse-in-kleve-2.html\" class=\"more-link\"><span class=\"more-button\">Weiterlesen<span class=\"screen-reader-text\">Parkpl\u00e4tze auf der Gro\u00dfen Stra\u00dfe in Kleve<\/span><\/span><\/a><\/p>\n","protected":false},"author":2,"featured_media":16388,"comment_status":"open","ping_status":"closed","sticky":false,"template":"","format":"standard","meta":{"footnotes":""},"categories":[20],"tags":[1289],"class_list":["post-16387","post","type-post","status-publish","format-standard","has-post-thumbnail","hentry","category-aus-dem-privatalbum","tag-parkplaetze-auf-der-grossen-strasse-in-kleve"],"_links":{"self":[{"href":"https:\/\/www.kle-blatt.de\/blog\/wp-json\/wp\/v2\/posts\/16387","targetHints":{"allow":["GET"]}}],"collection":[{"href":"https:\/\/www.kle-blatt.de\/blog\/wp-json\/wp\/v2\/posts"}],"about":[{"href":"https:\/\/www.kle-blatt.de\/blog\/wp-json\/wp\/v2\/types\/post"}],"author":[{"embeddable":true,"href":"https:\/\/www.kle-blatt.de\/blog\/wp-json\/wp\/v2\/users\/2"}],"replies":[{"embeddable":true,"href":"https:\/\/www.kle-blatt.de\/blog\/wp-json\/wp\/v2\/comments?post=16387"}],"version-history":[{"count":2,"href":"https:\/\/www.kle-blatt.de\/blog\/wp-json\/wp\/v2\/posts\/16387\/revisions"}],"predecessor-version":[{"id":30979,"href":"https:\/\/www.kle-blatt.de\/blog\/wp-json\/wp\/v2\/posts\/16387\/revisions\/30979"}],"wp:featuredmedia":[{"embeddable":true,"href":"https:\/\/www.kle-blatt.de\/blog\/wp-json\/wp\/v2\/media\/16388"}],"wp:attachment":[{"href":"https:\/\/www.kle-blatt.de\/blog\/wp-json\/wp\/v2\/media?parent=16387"}],"wp:term":[{"taxonomy":"category","embeddable":true,"href":"https:\/\/www.kle-blatt.de\/blog\/wp-json\/wp\/v2\/categories?post=16387"},{"taxonomy":"post_tag","embeddable":true,"href":"https:\/\/www.kle-blatt.de\/blog\/wp-json\/wp\/v2\/tags?post=16387"}],"curies":[{"name":"wp","href":"https:\/\/api.w.org\/{rel}","templated":true}]}}