{"id":16430,"date":"2023-09-12T07:00:16","date_gmt":"2023-09-12T05:00:16","guid":{"rendered":"http:\/\/www.kle-blatt.de\/blog\/?p=16430"},"modified":"2023-08-14T11:03:20","modified_gmt":"2023-08-14T09:03:20","slug":"fortschritte-am-bau-des-klever-hallenbades","status":"publish","type":"post","link":"https:\/\/www.kle-blatt.de\/blog\/kleve-in-foto-video\/aus-dem-privatalbum\/fortschritte-am-bau-des-klever-hallenbades.html","title":{"rendered":"Fortschritte am Bau des Klever Hallenbades"},"content":{"rendered":"<p><strong>Fortschritte am Bau des Klever Hallenbades<\/strong><\/p>\n<p>Die \u00e4ltere Dame l\u00e4uft hier im Jahre 1957 \u00fcber die Wei\u00dfe Br\u00fccke (heute Worcester-Br\u00fccke) auf den Rohbau des Klever Hallenbades zu. Zu dieser Zeit war Kleve eigentlich noch \u00fcberall eine riesige Baustelle, wegen der Wiederaufbau-Arbeiten in der unmittelbaren Nachkriegszeit. Aber da hat sich bis heute an den Baustellen \u00fcberall in Kleve nicht viel ge\u00e4ndert. Wir scheinen in die Phase des dritten Wiederaufbaus zu gehen. \ud83d\ude09<\/p>\n<p><a href=\"http:\/\/www.kle-blatt.de\/blog\/wp-content\/uploads\/2015\/08\/fortschritt4.jpg\"><img loading=\"lazy\" decoding=\"async\" class=\"size-full wp-image-16431 aligncenter\" src=\"https:\/\/www.kle-blatt.de\/blog\/wp-content\/uploads\/2015\/08\/fortschritt4.jpg\" alt=\"Fortschritte am Bau des Klever Hallenbades\" width=\"850\" height=\"520\" \/><\/a><br \/>\n(Foto: KLE-Blatt)<\/p>\n","protected":false},"excerpt":{"rendered":"<p>Fortschritte am Bau des Klever Hallenbades Die \u00e4ltere Dame l\u00e4uft hier im Jahre 1957 \u00fcber die Wei\u00dfe Br\u00fccke (heute Worcester-Br\u00fccke) &hellip; <a href=\"https:\/\/www.kle-blatt.de\/blog\/kleve-in-foto-video\/aus-dem-privatalbum\/fortschritte-am-bau-des-klever-hallenbades.html\" class=\"more-link\"><span class=\"more-button\">Weiterlesen<span class=\"screen-reader-text\">Fortschritte am Bau des Klever Hallenbades<\/span><\/span><\/a><\/p>\n","protected":false},"author":2,"featured_media":16431,"comment_status":"closed","ping_status":"closed","sticky":false,"template":"","format":"standard","meta":{"footnotes":""},"categories":[20],"tags":[3436],"class_list":["post-16430","post","type-post","status-publish","format-standard","has-post-thumbnail","hentry","category-aus-dem-privatalbum","tag-fortschritte-am-bau-des-klever-hallenbades"],"_links":{"self":[{"href":"https:\/\/www.kle-blatt.de\/blog\/wp-json\/wp\/v2\/posts\/16430","targetHints":{"allow":["GET"]}}],"collection":[{"href":"https:\/\/www.kle-blatt.de\/blog\/wp-json\/wp\/v2\/posts"}],"about":[{"href":"https:\/\/www.kle-blatt.de\/blog\/wp-json\/wp\/v2\/types\/post"}],"author":[{"embeddable":true,"href":"https:\/\/www.kle-blatt.de\/blog\/wp-json\/wp\/v2\/users\/2"}],"replies":[{"embeddable":true,"href":"https:\/\/www.kle-blatt.de\/blog\/wp-json\/wp\/v2\/comments?post=16430"}],"version-history":[{"count":1,"href":"https:\/\/www.kle-blatt.de\/blog\/wp-json\/wp\/v2\/posts\/16430\/revisions"}],"predecessor-version":[{"id":32556,"href":"https:\/\/www.kle-blatt.de\/blog\/wp-json\/wp\/v2\/posts\/16430\/revisions\/32556"}],"wp:featuredmedia":[{"embeddable":true,"href":"https:\/\/www.kle-blatt.de\/blog\/wp-json\/wp\/v2\/media\/16431"}],"wp:attachment":[{"href":"https:\/\/www.kle-blatt.de\/blog\/wp-json\/wp\/v2\/media?parent=16430"}],"wp:term":[{"taxonomy":"category","embeddable":true,"href":"https:\/\/www.kle-blatt.de\/blog\/wp-json\/wp\/v2\/categories?post=16430"},{"taxonomy":"post_tag","embeddable":true,"href":"https:\/\/www.kle-blatt.de\/blog\/wp-json\/wp\/v2\/tags?post=16430"}],"curies":[{"name":"wp","href":"https:\/\/api.w.org\/{rel}","templated":true}]}}