{"id":16433,"date":"2023-09-05T06:10:26","date_gmt":"2023-09-05T04:10:26","guid":{"rendered":"http:\/\/www.kle-blatt.de\/blog\/?p=16433"},"modified":"2023-08-12T11:22:36","modified_gmt":"2023-08-12T09:22:36","slug":"das-unveraenderte-kreishaus","status":"publish","type":"post","link":"https:\/\/www.kle-blatt.de\/blog\/kleve-in-foto-video\/aus-dem-privatalbum\/das-unveraenderte-kreishaus.html","title":{"rendered":"Das unver\u00e4nderte Kreishaus in Kleve"},"content":{"rendered":"<p><strong>Das unver\u00e4nderte Kreishaus in Kleve<\/strong><\/p>\n<p>Man sollte es kaum glauben, aber dieses Bild ist ann\u00e4hernd 60 Jahre alt. Viel ge\u00e4ndert hat sich am Aussehen des Eingangs bis heute aber nun wirklich nicht. Ist es erhaltenswert oder steht es auch schon auf der &#8222;Abriss-Liste&#8220; der Verantwortlichen? Wer wei\u00df?<\/p>\n<p><a href=\"http:\/\/www.kle-blatt.de\/blog\/wp-content\/uploads\/2015\/08\/kreishaus-1956.jpg\"><img loading=\"lazy\" decoding=\"async\" class=\"size-full wp-image-16434 aligncenter\" src=\"https:\/\/www.kle-blatt.de\/blog\/wp-content\/uploads\/2015\/08\/kreishaus-1956.jpg\" alt=\"Das unver\u00e4nderte Kreishaus in Kleve\" width=\"850\" height=\"563\" \/><\/a><br \/>\n(Foto: KLE-Blatt)<\/p>\n","protected":false},"excerpt":{"rendered":"<p>Das unver\u00e4nderte Kreishaus in Kleve Man sollte es kaum glauben, aber dieses Bild ist ann\u00e4hernd 60 Jahre alt. Viel ge\u00e4ndert &hellip; <a href=\"https:\/\/www.kle-blatt.de\/blog\/kleve-in-foto-video\/aus-dem-privatalbum\/das-unveraenderte-kreishaus.html\" class=\"more-link\"><span class=\"more-button\">Weiterlesen<span class=\"screen-reader-text\">Das unver\u00e4nderte Kreishaus in Kleve<\/span><\/span><\/a><\/p>\n","protected":false},"author":2,"featured_media":16434,"comment_status":"closed","ping_status":"closed","sticky":false,"template":"","format":"standard","meta":{"footnotes":""},"categories":[20],"tags":[3437,5990],"class_list":["post-16433","post","type-post","status-publish","format-standard","has-post-thumbnail","hentry","category-aus-dem-privatalbum","tag-das-unveraenderte-kreishaus","tag-das-unveraenderte-kreishaus-in-kleve"],"_links":{"self":[{"href":"https:\/\/www.kle-blatt.de\/blog\/wp-json\/wp\/v2\/posts\/16433","targetHints":{"allow":["GET"]}}],"collection":[{"href":"https:\/\/www.kle-blatt.de\/blog\/wp-json\/wp\/v2\/posts"}],"about":[{"href":"https:\/\/www.kle-blatt.de\/blog\/wp-json\/wp\/v2\/types\/post"}],"author":[{"embeddable":true,"href":"https:\/\/www.kle-blatt.de\/blog\/wp-json\/wp\/v2\/users\/2"}],"replies":[{"embeddable":true,"href":"https:\/\/www.kle-blatt.de\/blog\/wp-json\/wp\/v2\/comments?post=16433"}],"version-history":[{"count":2,"href":"https:\/\/www.kle-blatt.de\/blog\/wp-json\/wp\/v2\/posts\/16433\/revisions"}],"predecessor-version":[{"id":32519,"href":"https:\/\/www.kle-blatt.de\/blog\/wp-json\/wp\/v2\/posts\/16433\/revisions\/32519"}],"wp:featuredmedia":[{"embeddable":true,"href":"https:\/\/www.kle-blatt.de\/blog\/wp-json\/wp\/v2\/media\/16434"}],"wp:attachment":[{"href":"https:\/\/www.kle-blatt.de\/blog\/wp-json\/wp\/v2\/media?parent=16433"}],"wp:term":[{"taxonomy":"category","embeddable":true,"href":"https:\/\/www.kle-blatt.de\/blog\/wp-json\/wp\/v2\/categories?post=16433"},{"taxonomy":"post_tag","embeddable":true,"href":"https:\/\/www.kle-blatt.de\/blog\/wp-json\/wp\/v2\/tags?post=16433"}],"curies":[{"name":"wp","href":"https:\/\/api.w.org\/{rel}","templated":true}]}}