{"id":16498,"date":"2023-10-13T06:00:14","date_gmt":"2023-10-13T04:00:14","guid":{"rendered":"http:\/\/www.kle-blatt.de\/blog\/?p=16498"},"modified":"2023-08-22T13:20:21","modified_gmt":"2023-08-22T11:20:21","slug":"die-fruehere-emmericher-strasse-in-kleve","status":"publish","type":"post","link":"https:\/\/www.kle-blatt.de\/blog\/kleve-in-foto-video\/die-fruehere-emmericher-strasse-in-kleve.html","title":{"rendered":"Die fr\u00fchere Emmericher Stra\u00dfe in Kleve"},"content":{"rendered":"<p><strong>Die fr\u00fchere Emmericher Stra\u00dfe in Kleve<\/strong><\/p>\n<p>Die Stra\u00dfenbahn ist soeben aus der Herzogstra\u00dfe gekommen und nach links abgebogen Richtung Emmerich kurz vor der &#8222;Gl\u00fcck-auf-Schranke&#8220;. Wir sehen im Hintergrund das Bahnhofshotel. Das 1914 &#8222;Erstes Haus f\u00fcr Gesch\u00e4ftsreisende&#8220; benannte Hotel war das dem Bahnhof am n\u00e4chsten liegende. Rechts an der Ecke zur Herzogstra\u00dfe sieht man das prachtvolle Haus des Tierarztes Max Wolff.<\/p>\n<p><a href=\"http:\/\/www.kle-blatt.de\/blog\/wp-content\/uploads\/2015\/09\/emmericher-strasse.jpg\"><img loading=\"lazy\" decoding=\"async\" class=\"size-full wp-image-16499 aligncenter\" src=\"https:\/\/www.kle-blatt.de\/blog\/wp-content\/uploads\/2015\/09\/emmericher-strasse.jpg\" alt=\"Die fr\u00fchere Emmericher Stra\u00dfe in Kleve\" width=\"850\" height=\"562\" \/><\/a><br \/>\n(Mit freundlicher Genehmigung von Klaus Radermacher aus seinem Buch \u201eKleve in alten Ansichten&#8220;)<\/p>\n","protected":false},"excerpt":{"rendered":"<p>Die fr\u00fchere Emmericher Stra\u00dfe in Kleve Die Stra\u00dfenbahn ist soeben aus der Herzogstra\u00dfe gekommen und nach links abgebogen Richtung Emmerich &hellip; <a href=\"https:\/\/www.kle-blatt.de\/blog\/kleve-in-foto-video\/die-fruehere-emmericher-strasse-in-kleve.html\" class=\"more-link\"><span class=\"more-button\">Weiterlesen<span class=\"screen-reader-text\">Die fr\u00fchere Emmericher Stra\u00dfe in Kleve<\/span><\/span><\/a><\/p>\n","protected":false},"author":2,"featured_media":16499,"comment_status":"closed","ping_status":"closed","sticky":false,"template":"","format":"standard","meta":{"footnotes":""},"categories":[3],"tags":[3453],"class_list":["post-16498","post","type-post","status-publish","format-standard","has-post-thumbnail","hentry","category-kleve-in-foto-video","tag-die-fruehere-emmericher-strasse-in-kleve"],"_links":{"self":[{"href":"https:\/\/www.kle-blatt.de\/blog\/wp-json\/wp\/v2\/posts\/16498","targetHints":{"allow":["GET"]}}],"collection":[{"href":"https:\/\/www.kle-blatt.de\/blog\/wp-json\/wp\/v2\/posts"}],"about":[{"href":"https:\/\/www.kle-blatt.de\/blog\/wp-json\/wp\/v2\/types\/post"}],"author":[{"embeddable":true,"href":"https:\/\/www.kle-blatt.de\/blog\/wp-json\/wp\/v2\/users\/2"}],"replies":[{"embeddable":true,"href":"https:\/\/www.kle-blatt.de\/blog\/wp-json\/wp\/v2\/comments?post=16498"}],"version-history":[{"count":1,"href":"https:\/\/www.kle-blatt.de\/blog\/wp-json\/wp\/v2\/posts\/16498\/revisions"}],"predecessor-version":[{"id":32651,"href":"https:\/\/www.kle-blatt.de\/blog\/wp-json\/wp\/v2\/posts\/16498\/revisions\/32651"}],"wp:featuredmedia":[{"embeddable":true,"href":"https:\/\/www.kle-blatt.de\/blog\/wp-json\/wp\/v2\/media\/16499"}],"wp:attachment":[{"href":"https:\/\/www.kle-blatt.de\/blog\/wp-json\/wp\/v2\/media?parent=16498"}],"wp:term":[{"taxonomy":"category","embeddable":true,"href":"https:\/\/www.kle-blatt.de\/blog\/wp-json\/wp\/v2\/categories?post=16498"},{"taxonomy":"post_tag","embeddable":true,"href":"https:\/\/www.kle-blatt.de\/blog\/wp-json\/wp\/v2\/tags?post=16498"}],"curies":[{"name":"wp","href":"https:\/\/api.w.org\/{rel}","templated":true}]}}