{"id":16637,"date":"2023-10-11T06:10:28","date_gmt":"2023-10-11T04:10:28","guid":{"rendered":"http:\/\/www.kle-blatt.de\/blog\/?p=16637"},"modified":"2023-08-22T13:16:36","modified_gmt":"2023-08-22T11:16:36","slug":"rote-autos-in-kleve","status":"publish","type":"post","link":"https:\/\/www.kle-blatt.de\/blog\/kleve-in-foto-video\/rote-autos-in-kleve.html","title":{"rendered":"Rote Autos in Kleve"},"content":{"rendered":"<p><strong>Rote Autos in Kleve<\/strong><\/p>\n<p>In den Siebzigern scheint die Lieblingsfarbe der Klever f\u00fcr Autos rot gewesen zu sein. Wie sonst l\u00e4sst sich erkl\u00e4ren, das man auf diesem Bild vor der Schwanenburg an Marstall und Gro\u00dfen Kurf\u00fcrst \u00fcberwiegend rote Fahrzeuge erblicken kann? Interessant auch die Lieblingsmodelle zu dieser Zeit. Sie wurden ja gerne mit Tieren verglichen. So erkennt man nat\u00fcrlich die damals unvermeidlichen K\u00e4fer, aber auch zwei Enten stehen dort. \ud83d\ude42<\/p>\n<p><a href=\"http:\/\/www.kle-blatt.de\/blog\/wp-content\/uploads\/2015\/09\/ansichtskarte-60er-3.jpg\"><img loading=\"lazy\" decoding=\"async\" class=\"size-full wp-image-16638 aligncenter\" src=\"https:\/\/www.kle-blatt.de\/blog\/wp-content\/uploads\/2015\/09\/ansichtskarte-60er-3.jpg\" alt=\"Rote Autos in Kleve\" width=\"850\" height=\"583\" \/><\/a><\/p>\n","protected":false},"excerpt":{"rendered":"<p>Rote Autos in Kleve In den Siebzigern scheint die Lieblingsfarbe der Klever f\u00fcr Autos rot gewesen zu sein. Wie sonst &hellip; <a href=\"https:\/\/www.kle-blatt.de\/blog\/kleve-in-foto-video\/rote-autos-in-kleve.html\" class=\"more-link\"><span class=\"more-button\">Weiterlesen<span class=\"screen-reader-text\">Rote Autos in Kleve<\/span><\/span><\/a><\/p>\n","protected":false},"author":2,"featured_media":16638,"comment_status":"closed","ping_status":"closed","sticky":false,"template":"","format":"standard","meta":{"footnotes":""},"categories":[3],"tags":[3468],"class_list":["post-16637","post","type-post","status-publish","format-standard","has-post-thumbnail","hentry","category-kleve-in-foto-video","tag-rote-autos-in-kleve"],"_links":{"self":[{"href":"https:\/\/www.kle-blatt.de\/blog\/wp-json\/wp\/v2\/posts\/16637","targetHints":{"allow":["GET"]}}],"collection":[{"href":"https:\/\/www.kle-blatt.de\/blog\/wp-json\/wp\/v2\/posts"}],"about":[{"href":"https:\/\/www.kle-blatt.de\/blog\/wp-json\/wp\/v2\/types\/post"}],"author":[{"embeddable":true,"href":"https:\/\/www.kle-blatt.de\/blog\/wp-json\/wp\/v2\/users\/2"}],"replies":[{"embeddable":true,"href":"https:\/\/www.kle-blatt.de\/blog\/wp-json\/wp\/v2\/comments?post=16637"}],"version-history":[{"count":2,"href":"https:\/\/www.kle-blatt.de\/blog\/wp-json\/wp\/v2\/posts\/16637\/revisions"}],"predecessor-version":[{"id":32648,"href":"https:\/\/www.kle-blatt.de\/blog\/wp-json\/wp\/v2\/posts\/16637\/revisions\/32648"}],"wp:featuredmedia":[{"embeddable":true,"href":"https:\/\/www.kle-blatt.de\/blog\/wp-json\/wp\/v2\/media\/16638"}],"wp:attachment":[{"href":"https:\/\/www.kle-blatt.de\/blog\/wp-json\/wp\/v2\/media?parent=16637"}],"wp:term":[{"taxonomy":"category","embeddable":true,"href":"https:\/\/www.kle-blatt.de\/blog\/wp-json\/wp\/v2\/categories?post=16637"},{"taxonomy":"post_tag","embeddable":true,"href":"https:\/\/www.kle-blatt.de\/blog\/wp-json\/wp\/v2\/tags?post=16637"}],"curies":[{"name":"wp","href":"https:\/\/api.w.org\/{rel}","templated":true}]}}