{"id":16700,"date":"2024-10-21T06:00:53","date_gmt":"2024-10-21T04:00:53","guid":{"rendered":"http:\/\/www.kle-blatt.de\/blog\/?p=16700"},"modified":"2024-08-22T11:15:32","modified_gmt":"2024-08-22T09:15:32","slug":"die-bruecke-vom-kurpark-in-bad-cleve","status":"publish","type":"post","link":"https:\/\/www.kle-blatt.de\/blog\/kleve-in-foto-video\/die-bruecke-vom-kurpark-in-bad-cleve.html","title":{"rendered":"Wusstest Du das? Die Br\u00fccke vom Kurpark in Bad Cleve"},"content":{"rendered":"<p><strong>Wusstest Du das? Die Br\u00fccke vom Kurpark in Bad Cleve<\/strong><\/p>\n<p>Die Badeg\u00e4ste nannten den Forstgarten damals respektvoll Kurpark. Bekannt und ber\u00fchmt wurde er auch wegen seiner vielf\u00e4ltigen exotischen Baum-Arten. Das rechte Geb\u00e4ude ist der \u00e4lteste Teil &#8211; das Friedrich-Wilhelms-Bad, welches im Jahre 1845 von Anton Weinhagen errichtet wurde. Ihm verdankt Kleve auch heute noch die im neuklassizistischen Stil erbauten Villen und H\u00e4user an der Tiergartenstra\u00dfe. Links daneben befindet sich die Halle des Kurhauses, die das Bad mit dem Kurhotel verband. In der Mitte die Br\u00fccke, \u00fcber die auch heute noch t\u00e4glich zahlreiche Menschen in den Kurpark gelangen.<\/p>\n<p><a href=\"http:\/\/www.kle-blatt.de\/blog\/wp-content\/uploads\/2015\/09\/5-kurhaus.jpg\"><img loading=\"lazy\" decoding=\"async\" class=\"size-full wp-image-16701 aligncenter\" src=\"https:\/\/www.kle-blatt.de\/blog\/wp-content\/uploads\/2015\/09\/5-kurhaus.jpg\" alt=\"Wusstest Du das? Die Br\u00fccke vom Kurpark in Bad Cleve\" width=\"850\" height=\"536\" \/><\/a><br \/>\n(Foto: &#8222;Erinnerung an Bad Cleve&#8220;)<\/p>\n","protected":false},"excerpt":{"rendered":"<p>Wusstest Du das? Die Br\u00fccke vom Kurpark in Bad Cleve Die Badeg\u00e4ste nannten den Forstgarten damals respektvoll Kurpark. Bekannt und &hellip; <a href=\"https:\/\/www.kle-blatt.de\/blog\/kleve-in-foto-video\/die-bruecke-vom-kurpark-in-bad-cleve.html\" class=\"more-link\"><span class=\"more-button\">Weiterlesen<span class=\"screen-reader-text\">Wusstest Du das? Die Br\u00fccke vom Kurpark in Bad Cleve<\/span><\/span><\/a><\/p>\n","protected":false},"author":2,"featured_media":16701,"comment_status":"closed","ping_status":"closed","sticky":false,"template":"","format":"standard","meta":{"footnotes":""},"categories":[3],"tags":[5125],"class_list":["post-16700","post","type-post","status-publish","format-standard","has-post-thumbnail","hentry","category-kleve-in-foto-video","tag-wusstest-du-das-die-bruecke-vom-kurpark-in-bad-cleve"],"_links":{"self":[{"href":"https:\/\/www.kle-blatt.de\/blog\/wp-json\/wp\/v2\/posts\/16700","targetHints":{"allow":["GET"]}}],"collection":[{"href":"https:\/\/www.kle-blatt.de\/blog\/wp-json\/wp\/v2\/posts"}],"about":[{"href":"https:\/\/www.kle-blatt.de\/blog\/wp-json\/wp\/v2\/types\/post"}],"author":[{"embeddable":true,"href":"https:\/\/www.kle-blatt.de\/blog\/wp-json\/wp\/v2\/users\/2"}],"replies":[{"embeddable":true,"href":"https:\/\/www.kle-blatt.de\/blog\/wp-json\/wp\/v2\/comments?post=16700"}],"version-history":[{"count":2,"href":"https:\/\/www.kle-blatt.de\/blog\/wp-json\/wp\/v2\/posts\/16700\/revisions"}],"predecessor-version":[{"id":34308,"href":"https:\/\/www.kle-blatt.de\/blog\/wp-json\/wp\/v2\/posts\/16700\/revisions\/34308"}],"wp:featuredmedia":[{"embeddable":true,"href":"https:\/\/www.kle-blatt.de\/blog\/wp-json\/wp\/v2\/media\/16701"}],"wp:attachment":[{"href":"https:\/\/www.kle-blatt.de\/blog\/wp-json\/wp\/v2\/media?parent=16700"}],"wp:term":[{"taxonomy":"category","embeddable":true,"href":"https:\/\/www.kle-blatt.de\/blog\/wp-json\/wp\/v2\/categories?post=16700"},{"taxonomy":"post_tag","embeddable":true,"href":"https:\/\/www.kle-blatt.de\/blog\/wp-json\/wp\/v2\/tags?post=16700"}],"curies":[{"name":"wp","href":"https:\/\/api.w.org\/{rel}","templated":true}]}}