{"id":16737,"date":"2023-10-09T06:00:33","date_gmt":"2023-10-09T04:00:33","guid":{"rendered":"http:\/\/www.kle-blatt.de\/blog\/?p=16737"},"modified":"2023-08-22T12:03:23","modified_gmt":"2023-08-22T10:03:23","slug":"bensdorp-van-den-bergh","status":"publish","type":"post","link":"https:\/\/www.kle-blatt.de\/blog\/kleve-in-foto-video\/bensdorp-van-den-bergh.html","title":{"rendered":"Bensdorp + Van den Bergh"},"content":{"rendered":"<p><strong>Bensdorp + Van den Bergh<\/strong><\/p>\n<p>Eine sehr interessante Ansicht \u00fcber die D\u00e4cher der gro\u00dfen Klever Werke Bensdorp und Van den Bergh mit all ihren Verwaltungs-, Produktions- und Lagergeb\u00e4uden sowie den Speichern, Silos und was dort sonst noch alles zu entdecken ist. Wir sehen hier, wie industriell technisiert dieses Areal am Rande von Kellen genutzt wurde. Schade, das alles irgendwie &#8222;den Bach runter&#8220; gegangen ist.<\/p>\n<p><a href=\"http:\/\/www.kle-blatt.de\/blog\/wp-content\/uploads\/2015\/09\/bensdorp-van-den-bergh.jpg\"><img loading=\"lazy\" decoding=\"async\" class=\"size-full wp-image-16738 aligncenter\" src=\"https:\/\/www.kle-blatt.de\/blog\/wp-content\/uploads\/2015\/09\/bensdorp-van-den-bergh.jpg\" alt=\"bensdorp + van den bergh\" width=\"850\" height=\"565\" \/><\/a><br \/>\n(Foto eingereicht von Berry Sixtyfive)<\/p>\n","protected":false},"excerpt":{"rendered":"<p>Bensdorp + Van den Bergh Eine sehr interessante Ansicht \u00fcber die D\u00e4cher der gro\u00dfen Klever Werke Bensdorp und Van den &hellip; <a href=\"https:\/\/www.kle-blatt.de\/blog\/kleve-in-foto-video\/bensdorp-van-den-bergh.html\" class=\"more-link\"><span class=\"more-button\">Weiterlesen<span class=\"screen-reader-text\">Bensdorp + Van den Bergh<\/span><\/span><\/a><\/p>\n","protected":false},"author":2,"featured_media":16738,"comment_status":"closed","ping_status":"closed","sticky":false,"template":"","format":"standard","meta":{"footnotes":""},"categories":[3],"tags":[3494],"class_list":["post-16737","post","type-post","status-publish","format-standard","has-post-thumbnail","hentry","category-kleve-in-foto-video","tag-bensdorp-van-den-bergh"],"_links":{"self":[{"href":"https:\/\/www.kle-blatt.de\/blog\/wp-json\/wp\/v2\/posts\/16737","targetHints":{"allow":["GET"]}}],"collection":[{"href":"https:\/\/www.kle-blatt.de\/blog\/wp-json\/wp\/v2\/posts"}],"about":[{"href":"https:\/\/www.kle-blatt.de\/blog\/wp-json\/wp\/v2\/types\/post"}],"author":[{"embeddable":true,"href":"https:\/\/www.kle-blatt.de\/blog\/wp-json\/wp\/v2\/users\/2"}],"replies":[{"embeddable":true,"href":"https:\/\/www.kle-blatt.de\/blog\/wp-json\/wp\/v2\/comments?post=16737"}],"version-history":[{"count":2,"href":"https:\/\/www.kle-blatt.de\/blog\/wp-json\/wp\/v2\/posts\/16737\/revisions"}],"predecessor-version":[{"id":32644,"href":"https:\/\/www.kle-blatt.de\/blog\/wp-json\/wp\/v2\/posts\/16737\/revisions\/32644"}],"wp:featuredmedia":[{"embeddable":true,"href":"https:\/\/www.kle-blatt.de\/blog\/wp-json\/wp\/v2\/media\/16738"}],"wp:attachment":[{"href":"https:\/\/www.kle-blatt.de\/blog\/wp-json\/wp\/v2\/media?parent=16737"}],"wp:term":[{"taxonomy":"category","embeddable":true,"href":"https:\/\/www.kle-blatt.de\/blog\/wp-json\/wp\/v2\/categories?post=16737"},{"taxonomy":"post_tag","embeddable":true,"href":"https:\/\/www.kle-blatt.de\/blog\/wp-json\/wp\/v2\/tags?post=16737"}],"curies":[{"name":"wp","href":"https:\/\/api.w.org\/{rel}","templated":true}]}}