{"id":16748,"date":"2022-10-30T06:00:07","date_gmt":"2022-10-30T04:00:07","guid":{"rendered":"http:\/\/www.kle-blatt.de\/blog\/?p=16748"},"modified":"2022-09-24T10:50:53","modified_gmt":"2022-09-24T08:50:53","slug":"die-hoffmann-designer-von-kleve","status":"publish","type":"post","link":"https:\/\/www.kle-blatt.de\/blog\/kleve-in-foto-video\/die-hoffmann-designer-von-kleve.html","title":{"rendered":"Die Hoffmann-Designer von Kleve"},"content":{"rendered":"<p><strong>Die Hoffmann-Designer von Kleve<\/strong><\/p>\n<p>Irgendjemand muss in einem gro\u00dfen Produktionsunternehmen die von den Zeichnern entworfenen Modelle auch in die Tat umsetzen und zun\u00e4chst Prototypen entwickeln, die sich sp\u00e4ter zur Serienreife entwickeln und in den Verkauf gelangen. Diese Menschen nannten sich bei der Klever Kinderschuhfabrik Hoffmann dann Schuh-Modelleure. Hier sehen wir einige bei ihrer verantwortungsvollen Arbeit.<\/p>\n<p><a href=\"http:\/\/www.kle-blatt.de\/blog\/wp-content\/uploads\/2015\/09\/modelleure-100.jpg\"><img loading=\"lazy\" decoding=\"async\" class=\"size-full wp-image-16749 aligncenter\" src=\"https:\/\/www.kle-blatt.de\/blog\/wp-content\/uploads\/2015\/09\/modelleure-100.jpg\" alt=\"Die Hoffmann-Designer von Kleve\" width=\"850\" height=\"864\" \/><\/a><br \/>\n(Foto: &#8222;Grosses Werk F\u00fcr Kleine F\u00fcsse&#8220; &#8211; H.Todtmann)<\/p>\n","protected":false},"excerpt":{"rendered":"<p>Die Hoffmann-Designer von Kleve Irgendjemand muss in einem gro\u00dfen Produktionsunternehmen die von den Zeichnern entworfenen Modelle auch in die Tat &hellip; <a href=\"https:\/\/www.kle-blatt.de\/blog\/kleve-in-foto-video\/die-hoffmann-designer-von-kleve.html\" class=\"more-link\"><span class=\"more-button\">Weiterlesen<span class=\"screen-reader-text\">Die Hoffmann-Designer von Kleve<\/span><\/span><\/a><\/p>\n","protected":false},"author":2,"featured_media":16749,"comment_status":"open","ping_status":"closed","sticky":false,"template":"","format":"standard","meta":{"footnotes":""},"categories":[3],"tags":[3497],"class_list":["post-16748","post","type-post","status-publish","format-standard","has-post-thumbnail","hentry","category-kleve-in-foto-video","tag-die-hoffmann-designer-von-kleve"],"_links":{"self":[{"href":"https:\/\/www.kle-blatt.de\/blog\/wp-json\/wp\/v2\/posts\/16748","targetHints":{"allow":["GET"]}}],"collection":[{"href":"https:\/\/www.kle-blatt.de\/blog\/wp-json\/wp\/v2\/posts"}],"about":[{"href":"https:\/\/www.kle-blatt.de\/blog\/wp-json\/wp\/v2\/types\/post"}],"author":[{"embeddable":true,"href":"https:\/\/www.kle-blatt.de\/blog\/wp-json\/wp\/v2\/users\/2"}],"replies":[{"embeddable":true,"href":"https:\/\/www.kle-blatt.de\/blog\/wp-json\/wp\/v2\/comments?post=16748"}],"version-history":[{"count":2,"href":"https:\/\/www.kle-blatt.de\/blog\/wp-json\/wp\/v2\/posts\/16748\/revisions"}],"predecessor-version":[{"id":31039,"href":"https:\/\/www.kle-blatt.de\/blog\/wp-json\/wp\/v2\/posts\/16748\/revisions\/31039"}],"wp:featuredmedia":[{"embeddable":true,"href":"https:\/\/www.kle-blatt.de\/blog\/wp-json\/wp\/v2\/media\/16749"}],"wp:attachment":[{"href":"https:\/\/www.kle-blatt.de\/blog\/wp-json\/wp\/v2\/media?parent=16748"}],"wp:term":[{"taxonomy":"category","embeddable":true,"href":"https:\/\/www.kle-blatt.de\/blog\/wp-json\/wp\/v2\/categories?post=16748"},{"taxonomy":"post_tag","embeddable":true,"href":"https:\/\/www.kle-blatt.de\/blog\/wp-json\/wp\/v2\/tags?post=16748"}],"curies":[{"name":"wp","href":"https:\/\/api.w.org\/{rel}","templated":true}]}}