{"id":16754,"date":"2023-10-15T06:00:45","date_gmt":"2023-10-15T04:00:45","guid":{"rendered":"http:\/\/www.kle-blatt.de\/blog\/?p=16754"},"modified":"2023-08-22T13:25:51","modified_gmt":"2023-08-22T11:25:51","slug":"rahmengenaehte-artikel-aus-kleve","status":"publish","type":"post","link":"https:\/\/www.kle-blatt.de\/blog\/kleve-in-foto-video\/rahmengenaehte-artikel-aus-kleve.html","title":{"rendered":"Kanntest Du Rahmen gen\u00e4hte Artikel aus Kleve?"},"content":{"rendered":"<p><strong>Kanntest Du Rahmen gen\u00e4hte Artikel aus Kleve?ahmengen\u00e4hte Artikel aus Kleve<\/strong><\/p>\n<p>In\u00a0der Produktion der Klever Schuhfabrik Gustav Hoffmann musste man selbstverst\u00e4ndlich dem Verwendungszweck und der Mode entsprechend zahlreiche Varianten in das Kinderschuh-Sortiment bringen. So kam es auch zu diversen Methoden, wie hier die Erstellung von rahmengen\u00e4hten Artikeln. Ein wundervoller Einblick in die Produkt-Fertigung vergangener Zeiten.<\/p>\n<p><a href=\"http:\/\/www.kle-blatt.de\/blog\/wp-content\/uploads\/2015\/09\/rahmengen\u00e4hte-artikel-95.jpg\"><img loading=\"lazy\" decoding=\"async\" class=\"size-full wp-image-16755 aligncenter\" src=\"https:\/\/www.kle-blatt.de\/blog\/wp-content\/uploads\/2015\/09\/rahmengen\u00e4hte-artikel-95.jpg\" alt=\"Kanntest Du Rahmen gen\u00e4hte Artikel aus Kleve?\" width=\"850\" height=\"1010\" \/><\/a><\/p>\n","protected":false},"excerpt":{"rendered":"<p>Kanntest Du Rahmen gen\u00e4hte Artikel aus Kleve?ahmengen\u00e4hte Artikel aus Kleve In\u00a0der Produktion der Klever Schuhfabrik Gustav Hoffmann musste man selbstverst\u00e4ndlich &hellip; <a href=\"https:\/\/www.kle-blatt.de\/blog\/kleve-in-foto-video\/rahmengenaehte-artikel-aus-kleve.html\" class=\"more-link\"><span class=\"more-button\">Weiterlesen<span class=\"screen-reader-text\">Kanntest Du Rahmen gen\u00e4hte Artikel aus Kleve?<\/span><\/span><\/a><\/p>\n","protected":false},"author":2,"featured_media":16755,"comment_status":"closed","ping_status":"closed","sticky":false,"template":"","format":"standard","meta":{"footnotes":""},"categories":[3],"tags":[3499],"class_list":["post-16754","post","type-post","status-publish","format-standard","has-post-thumbnail","hentry","category-kleve-in-foto-video","tag-rahmengenaehte-artikel-aus-kleve"],"_links":{"self":[{"href":"https:\/\/www.kle-blatt.de\/blog\/wp-json\/wp\/v2\/posts\/16754","targetHints":{"allow":["GET"]}}],"collection":[{"href":"https:\/\/www.kle-blatt.de\/blog\/wp-json\/wp\/v2\/posts"}],"about":[{"href":"https:\/\/www.kle-blatt.de\/blog\/wp-json\/wp\/v2\/types\/post"}],"author":[{"embeddable":true,"href":"https:\/\/www.kle-blatt.de\/blog\/wp-json\/wp\/v2\/users\/2"}],"replies":[{"embeddable":true,"href":"https:\/\/www.kle-blatt.de\/blog\/wp-json\/wp\/v2\/comments?post=16754"}],"version-history":[{"count":2,"href":"https:\/\/www.kle-blatt.de\/blog\/wp-json\/wp\/v2\/posts\/16754\/revisions"}],"predecessor-version":[{"id":32657,"href":"https:\/\/www.kle-blatt.de\/blog\/wp-json\/wp\/v2\/posts\/16754\/revisions\/32657"}],"wp:featuredmedia":[{"embeddable":true,"href":"https:\/\/www.kle-blatt.de\/blog\/wp-json\/wp\/v2\/media\/16755"}],"wp:attachment":[{"href":"https:\/\/www.kle-blatt.de\/blog\/wp-json\/wp\/v2\/media?parent=16754"}],"wp:term":[{"taxonomy":"category","embeddable":true,"href":"https:\/\/www.kle-blatt.de\/blog\/wp-json\/wp\/v2\/categories?post=16754"},{"taxonomy":"post_tag","embeddable":true,"href":"https:\/\/www.kle-blatt.de\/blog\/wp-json\/wp\/v2\/tags?post=16754"}],"curies":[{"name":"wp","href":"https:\/\/api.w.org\/{rel}","templated":true}]}}