{"id":16766,"date":"2024-10-22T07:00:03","date_gmt":"2024-10-22T05:00:03","guid":{"rendered":"http:\/\/www.kle-blatt.de\/blog\/?p=16766"},"modified":"2024-08-22T12:31:35","modified_gmt":"2024-08-22T10:31:35","slug":"das-abgebrannte-hotel-bei-kleve","status":"publish","type":"post","link":"https:\/\/www.kle-blatt.de\/blog\/kleve-in-foto-video\/das-abgebrannte-hotel-bei-kleve.html","title":{"rendered":"Welch eine dumme Idee: Ansichtskarte eines abgebrannten Hotels bei Kleve"},"content":{"rendered":"<p><strong>Welch eine dumme Idee: Ansichtskarte eines abgebrannten Hotels bei Kleve<\/strong><\/p>\n<p>War es jetzt Schadenfreude oder die Ermangelung von sch\u00f6neren Alternativen, die den Verlag veranlasste, eine Ansichtskarte auf den Markt zu bringen, die ein Hotel nach einem verheerenden Brand zeigt. Wir schauen hier auf die traurigen \u00dcberreste des Hotels &#8222;Sonderkamp&#8220;, sp\u00e4ter &#8222;Berg und Tal&#8220;. In den leeren Fenstern der Brand-Ruine haben sich noch einige Menschen f\u00fcr das Foto in Pose gestellt. Alles sehr unwirklich. Der Brand erfolgte um die Jahrhundertwende oder kurz danach; hatte also nichts mit dem Krieg zu tun.<\/p>\n<p><a href=\"http:\/\/www.kle-blatt.de\/blog\/wp-content\/uploads\/2015\/09\/hotel-berg-und-tal-34-1991.jpg\"><img loading=\"lazy\" decoding=\"async\" class=\"size-full wp-image-16767 aligncenter\" src=\"https:\/\/www.kle-blatt.de\/blog\/wp-content\/uploads\/2015\/09\/hotel-berg-und-tal-34-1991.jpg\" alt=\"Welch eine dumme Idee: Ansichtskarte eines abgebrannten Hotels bei Kleve\" width=\"850\" height=\"525\" \/><\/a><\/p>\n","protected":false},"excerpt":{"rendered":"<p>Welch eine dumme Idee: Ansichtskarte eines abgebrannten Hotels bei Kleve War es jetzt Schadenfreude oder die Ermangelung von sch\u00f6neren Alternativen, &hellip; <a href=\"https:\/\/www.kle-blatt.de\/blog\/kleve-in-foto-video\/das-abgebrannte-hotel-bei-kleve.html\" class=\"more-link\"><span class=\"more-button\">Weiterlesen<span class=\"screen-reader-text\">Welch eine dumme Idee: Ansichtskarte eines abgebrannten Hotels bei Kleve<\/span><\/span><\/a><\/p>\n","protected":false},"author":2,"featured_media":16767,"comment_status":"closed","ping_status":"closed","sticky":false,"template":"","format":"standard","meta":{"footnotes":""},"categories":[3],"tags":[3503],"class_list":["post-16766","post","type-post","status-publish","format-standard","has-post-thumbnail","hentry","category-kleve-in-foto-video","tag-das-abgebrannte-hotel-bei-kleve"],"_links":{"self":[{"href":"https:\/\/www.kle-blatt.de\/blog\/wp-json\/wp\/v2\/posts\/16766","targetHints":{"allow":["GET"]}}],"collection":[{"href":"https:\/\/www.kle-blatt.de\/blog\/wp-json\/wp\/v2\/posts"}],"about":[{"href":"https:\/\/www.kle-blatt.de\/blog\/wp-json\/wp\/v2\/types\/post"}],"author":[{"embeddable":true,"href":"https:\/\/www.kle-blatt.de\/blog\/wp-json\/wp\/v2\/users\/2"}],"replies":[{"embeddable":true,"href":"https:\/\/www.kle-blatt.de\/blog\/wp-json\/wp\/v2\/comments?post=16766"}],"version-history":[{"count":2,"href":"https:\/\/www.kle-blatt.de\/blog\/wp-json\/wp\/v2\/posts\/16766\/revisions"}],"predecessor-version":[{"id":27629,"href":"https:\/\/www.kle-blatt.de\/blog\/wp-json\/wp\/v2\/posts\/16766\/revisions\/27629"}],"wp:featuredmedia":[{"embeddable":true,"href":"https:\/\/www.kle-blatt.de\/blog\/wp-json\/wp\/v2\/media\/16767"}],"wp:attachment":[{"href":"https:\/\/www.kle-blatt.de\/blog\/wp-json\/wp\/v2\/media?parent=16766"}],"wp:term":[{"taxonomy":"category","embeddable":true,"href":"https:\/\/www.kle-blatt.de\/blog\/wp-json\/wp\/v2\/categories?post=16766"},{"taxonomy":"post_tag","embeddable":true,"href":"https:\/\/www.kle-blatt.de\/blog\/wp-json\/wp\/v2\/tags?post=16766"}],"curies":[{"name":"wp","href":"https:\/\/api.w.org\/{rel}","templated":true}]}}