{"id":16782,"date":"2021-10-18T06:10:16","date_gmt":"2021-10-18T04:10:16","guid":{"rendered":"http:\/\/www.kle-blatt.de\/blog\/?p=16782"},"modified":"2021-09-23T13:06:21","modified_gmt":"2021-09-23T11:06:21","slug":"die-zweckentfremdete-badehalle-von-kleve","status":"publish","type":"post","link":"https:\/\/www.kle-blatt.de\/blog\/kleve-in-foto-video\/die-zweckentfremdete-badehalle-von-kleve.html","title":{"rendered":"Auch so gesehen? Die zweckentfremdete Badehalle von Kleve"},"content":{"rendered":"<p><strong>Auch so gesehen? Die zweckentfremdete Badehalle von Kleve<\/strong><\/p>\n<p>Zwei Menschen radeln hier etwa Mitte der Siebziger Jahre achtlos an der ehemaligen Badehalle des historischen Friedrich-Wilhelms-Bad vorbei. Das hatte sicher auch seinen Grund, denn zu dieser Zeit befand sich hier das M\u00f6bellager der Firma Zylstra. Somit war dieses legend\u00e4re Klever Geb\u00e4ude, das zu einem der beliebtesten Anlaufpunkte der Klever Geschichte geh\u00f6rt, ziemlich zweckentfremdet worden. Heutzutage sieht das gottlob wieder anders aus und es lohnt sich wieder, dort einmal mit dem Fahrrad vorbei zu fahren und anschlie\u00dfend hinein zu gehen.<\/p>\n<p><a href=\"http:\/\/www.kle-blatt.de\/blog\/wp-content\/uploads\/2015\/09\/badehalle-62.jpg\"><img loading=\"lazy\" decoding=\"async\" class=\"size-full wp-image-16783 aligncenter\" src=\"https:\/\/www.kle-blatt.de\/blog\/wp-content\/uploads\/2015\/09\/badehalle-62.jpg\" alt=\"Auch so gesehen? Die zweckentfremdete Badehalle von Kleve\" width=\"850\" height=\"565\" \/><\/a><br \/>\n(Foto: &#8222;Kleve&#8220; &#8211; Anselm Jaenicke &#8211; Stadt Kleve)<\/p>\n","protected":false},"excerpt":{"rendered":"<p>Auch so gesehen? Die zweckentfremdete Badehalle von Kleve Zwei Menschen radeln hier etwa Mitte der Siebziger Jahre achtlos an der &hellip; <a href=\"https:\/\/www.kle-blatt.de\/blog\/kleve-in-foto-video\/die-zweckentfremdete-badehalle-von-kleve.html\" class=\"more-link\"><span class=\"more-button\">Weiterlesen<span class=\"screen-reader-text\">Auch so gesehen? Die zweckentfremdete Badehalle von Kleve<\/span><\/span><\/a><\/p>\n","protected":false},"author":2,"featured_media":16783,"comment_status":"open","ping_status":"closed","sticky":false,"template":"","format":"standard","meta":{"footnotes":""},"categories":[3],"tags":[3508],"class_list":["post-16782","post","type-post","status-publish","format-standard","has-post-thumbnail","hentry","category-kleve-in-foto-video","tag-die-zweckentfremdete-badehalle-von-kleve"],"_links":{"self":[{"href":"https:\/\/www.kle-blatt.de\/blog\/wp-json\/wp\/v2\/posts\/16782","targetHints":{"allow":["GET"]}}],"collection":[{"href":"https:\/\/www.kle-blatt.de\/blog\/wp-json\/wp\/v2\/posts"}],"about":[{"href":"https:\/\/www.kle-blatt.de\/blog\/wp-json\/wp\/v2\/types\/post"}],"author":[{"embeddable":true,"href":"https:\/\/www.kle-blatt.de\/blog\/wp-json\/wp\/v2\/users\/2"}],"replies":[{"embeddable":true,"href":"https:\/\/www.kle-blatt.de\/blog\/wp-json\/wp\/v2\/comments?post=16782"}],"version-history":[{"count":2,"href":"https:\/\/www.kle-blatt.de\/blog\/wp-json\/wp\/v2\/posts\/16782\/revisions"}],"predecessor-version":[{"id":29296,"href":"https:\/\/www.kle-blatt.de\/blog\/wp-json\/wp\/v2\/posts\/16782\/revisions\/29296"}],"wp:featuredmedia":[{"embeddable":true,"href":"https:\/\/www.kle-blatt.de\/blog\/wp-json\/wp\/v2\/media\/16783"}],"wp:attachment":[{"href":"https:\/\/www.kle-blatt.de\/blog\/wp-json\/wp\/v2\/media?parent=16782"}],"wp:term":[{"taxonomy":"category","embeddable":true,"href":"https:\/\/www.kle-blatt.de\/blog\/wp-json\/wp\/v2\/categories?post=16782"},{"taxonomy":"post_tag","embeddable":true,"href":"https:\/\/www.kle-blatt.de\/blog\/wp-json\/wp\/v2\/tags?post=16782"}],"curies":[{"name":"wp","href":"https:\/\/api.w.org\/{rel}","templated":true}]}}