{"id":16796,"date":"2025-10-17T07:30:56","date_gmt":"2025-10-17T05:30:56","guid":{"rendered":"http:\/\/www.kle-blatt.de\/blog\/?p=16796"},"modified":"2025-08-23T11:52:56","modified_gmt":"2025-08-23T09:52:56","slug":"die-muehle-von-rindern","status":"publish","type":"post","link":"https:\/\/www.kle-blatt.de\/blog\/kleve-in-foto-video\/die-muehle-von-rindern.html","title":{"rendered":"Kennst Du denn die M\u00fchle von Rindern?"},"content":{"rendered":"<p><strong>Kennst Du denn die M\u00fchle von Rindern?<\/strong><\/p>\n<p>Wie man an der W\u00e4sche sehen kann, war die M\u00fchle in Rindern zu diesem Zeitpunkt in den 70ern bereits bewohnt. Die im Jahre 1840 gebaute L\u00fcps&#8217;sche M\u00fchle erblicken wir hier noch mit ihren traditionellen Jalousie-Fl\u00fcgeln. Ein zus\u00e4tzlicher Antrieb mit Dampf war ebenfalls m\u00f6glich. Der Betrieb dieser M\u00fchle wurde schon vor dem 2. Weltkrieg eingestellt. Sie befindet sich aktuell in Privatbesitz.<\/p>\n<p><a href=\"http:\/\/www.kle-blatt.de\/blog\/wp-content\/uploads\/2015\/09\/m\u00fchle-rindern-57.jpg\"><img loading=\"lazy\" decoding=\"async\" class=\"size-full wp-image-16797 aligncenter\" src=\"https:\/\/www.kle-blatt.de\/blog\/wp-content\/uploads\/2015\/09\/m\u00fchle-rindern-57.jpg\" alt=\"Kennst Du denn die M\u00fchle von Rindern?\" width=\"850\" height=\"1190\" \/><\/a><br \/>\n(Foto: &#8222;Kleve&#8220; &#8211; Anselm Jaenicke &#8211; Stadt Kleve)<\/p>\n","protected":false},"excerpt":{"rendered":"<p>Kennst Du denn die M\u00fchle von Rindern? Wie man an der W\u00e4sche sehen kann, war die M\u00fchle in Rindern zu &hellip; <a href=\"https:\/\/www.kle-blatt.de\/blog\/kleve-in-foto-video\/die-muehle-von-rindern.html\" class=\"more-link\"><span class=\"more-button\">Weiterlesen<span class=\"screen-reader-text\">Kennst Du denn die M\u00fchle von Rindern?<\/span><\/span><\/a><\/p>\n","protected":false},"author":2,"featured_media":16797,"comment_status":"closed","ping_status":"closed","sticky":false,"template":"","format":"standard","meta":{"footnotes":""},"categories":[3],"tags":[3512],"class_list":["post-16796","post","type-post","status-publish","format-standard","has-post-thumbnail","hentry","category-kleve-in-foto-video","tag-die-muehle-von-rindern"],"_links":{"self":[{"href":"https:\/\/www.kle-blatt.de\/blog\/wp-json\/wp\/v2\/posts\/16796","targetHints":{"allow":["GET"]}}],"collection":[{"href":"https:\/\/www.kle-blatt.de\/blog\/wp-json\/wp\/v2\/posts"}],"about":[{"href":"https:\/\/www.kle-blatt.de\/blog\/wp-json\/wp\/v2\/types\/post"}],"author":[{"embeddable":true,"href":"https:\/\/www.kle-blatt.de\/blog\/wp-json\/wp\/v2\/users\/2"}],"replies":[{"embeddable":true,"href":"https:\/\/www.kle-blatt.de\/blog\/wp-json\/wp\/v2\/comments?post=16796"}],"version-history":[{"count":2,"href":"https:\/\/www.kle-blatt.de\/blog\/wp-json\/wp\/v2\/posts\/16796\/revisions"}],"predecessor-version":[{"id":29274,"href":"https:\/\/www.kle-blatt.de\/blog\/wp-json\/wp\/v2\/posts\/16796\/revisions\/29274"}],"wp:featuredmedia":[{"embeddable":true,"href":"https:\/\/www.kle-blatt.de\/blog\/wp-json\/wp\/v2\/media\/16797"}],"wp:attachment":[{"href":"https:\/\/www.kle-blatt.de\/blog\/wp-json\/wp\/v2\/media?parent=16796"}],"wp:term":[{"taxonomy":"category","embeddable":true,"href":"https:\/\/www.kle-blatt.de\/blog\/wp-json\/wp\/v2\/categories?post=16796"},{"taxonomy":"post_tag","embeddable":true,"href":"https:\/\/www.kle-blatt.de\/blog\/wp-json\/wp\/v2\/tags?post=16796"}],"curies":[{"name":"wp","href":"https:\/\/api.w.org\/{rel}","templated":true}]}}