{"id":16810,"date":"2019-10-21T07:00:23","date_gmt":"2019-10-21T05:00:23","guid":{"rendered":"http:\/\/www.kle-blatt.de\/blog\/?p=16810"},"modified":"2019-09-09T18:30:08","modified_gmt":"2019-09-09T16:30:08","slug":"soldaten-auf-der-brabanter-strasse","status":"publish","type":"post","link":"https:\/\/www.kle-blatt.de\/blog\/kleve-in-foto-video\/soldaten-auf-der-brabanter-strasse.html","title":{"rendered":"Wissenswertes zu Soldaten auf der Brabanter Stra\u00dfe"},"content":{"rendered":"<p><strong>Wissenswertes zu Soldaten auf der Brabanter Stra\u00dfe<\/strong><\/p>\n<p>F\u00fcr das 3. Bataillon des Regiments Vogel von Falckenstein hatte man auf der Brabanter Stra\u00dfe die Neue Kaserne errichtet. Wir sehen hier einen Appell der Truppe im Jahre 1910. F\u00fcnfzehn\u00a0Offiziere, ein Stabsarzt, 60 Unteroffiziere und 541 Mannschaften taten hier in Cleve Dienst. Allerdings hatte der sehr aufwendige Bau der Kaserne sich nicht wirklich gelohnt. In 1914 wurde das Regiment mobilisiert f\u00fcr den 1. Weltkrieg und vier Jahre sp\u00e4ter, nach Beendigung des Krieges l\u00f6sten sich die kaiserlichen Truppen schlichtweg auf. Also nutzte man das Geb\u00e4ude f\u00fcr verschiedene Zwecke. Unter Anderem &#8211; wie bekannt &#8211; auch als Schule.<\/p>\n<p><a href=\"http:\/\/www.kle-blatt.de\/blog\/wp-content\/uploads\/2015\/09\/brabanter-strasse-neue-kaserne1.jpg\"><img loading=\"lazy\" decoding=\"async\" class=\"alignleft size-full wp-image-16811\" src=\"http:\/\/www.kle-blatt.de\/blog\/wp-content\/uploads\/2015\/09\/brabanter-strasse-neue-kaserne1.jpg\" alt=\"Wissenswertes zu Soldaten auf der Brabanter Stra\u00dfe\" width=\"849\" height=\"327\" \/><\/a><br \/>\n(Mit freundlicher Genehmigung von Klaus Radermacher aus seinem Buch \u201eKleve in alten Ansichten&#8220;))<\/p>\n","protected":false},"excerpt":{"rendered":"<p>Wissenswertes zu Soldaten auf der Brabanter Stra\u00dfe F\u00fcr das 3. Bataillon des Regiments Vogel von Falckenstein hatte man auf der &hellip; <a href=\"https:\/\/www.kle-blatt.de\/blog\/kleve-in-foto-video\/soldaten-auf-der-brabanter-strasse.html\" class=\"more-link\"><span class=\"more-button\">Weiterlesen<span class=\"screen-reader-text\">Wissenswertes zu Soldaten auf der Brabanter Stra\u00dfe<\/span><\/span><\/a><\/p>\n","protected":false},"author":2,"featured_media":0,"comment_status":"open","ping_status":"closed","sticky":false,"template":"","format":"standard","meta":{"footnotes":""},"categories":[3],"tags":[5133],"class_list":["post-16810","post","type-post","status-publish","format-standard","hentry","category-kleve-in-foto-video","tag-wissenswertes-zu-soldaten-auf-der-brabanter-strasse"],"_links":{"self":[{"href":"https:\/\/www.kle-blatt.de\/blog\/wp-json\/wp\/v2\/posts\/16810","targetHints":{"allow":["GET"]}}],"collection":[{"href":"https:\/\/www.kle-blatt.de\/blog\/wp-json\/wp\/v2\/posts"}],"about":[{"href":"https:\/\/www.kle-blatt.de\/blog\/wp-json\/wp\/v2\/types\/post"}],"author":[{"embeddable":true,"href":"https:\/\/www.kle-blatt.de\/blog\/wp-json\/wp\/v2\/users\/2"}],"replies":[{"embeddable":true,"href":"https:\/\/www.kle-blatt.de\/blog\/wp-json\/wp\/v2\/comments?post=16810"}],"version-history":[{"count":0,"href":"https:\/\/www.kle-blatt.de\/blog\/wp-json\/wp\/v2\/posts\/16810\/revisions"}],"wp:attachment":[{"href":"https:\/\/www.kle-blatt.de\/blog\/wp-json\/wp\/v2\/media?parent=16810"}],"wp:term":[{"taxonomy":"category","embeddable":true,"href":"https:\/\/www.kle-blatt.de\/blog\/wp-json\/wp\/v2\/categories?post=16810"},{"taxonomy":"post_tag","embeddable":true,"href":"https:\/\/www.kle-blatt.de\/blog\/wp-json\/wp\/v2\/tags?post=16810"}],"curies":[{"name":"wp","href":"https:\/\/api.w.org\/{rel}","templated":true}]}}