{"id":16930,"date":"2022-11-13T06:10:06","date_gmt":"2022-11-13T04:10:06","guid":{"rendered":"http:\/\/www.kle-blatt.de\/blog\/?p=16930"},"modified":"2022-10-20T10:36:56","modified_gmt":"2022-10-20T08:36:56","slug":"koloriertes-bad-cleve","status":"publish","type":"post","link":"https:\/\/www.kle-blatt.de\/blog\/kleve-in-foto-video\/koloriertes-bad-cleve.html","title":{"rendered":"Gro\u00dfartig: Koloriertes Bad Cleve"},"content":{"rendered":"<p><strong>Gro\u00dfartig: Koloriertes Bad Cleve<\/strong><\/p>\n<p>Diese wundervolle kolorierte Ansichtskarte von Bad Cleve zeigt den Blick auf die Schwanenburg, den Spiegelturm und das Restaurant &#8222;Schwanenburg&#8220;, dem damals auch als &#8222;Haus auf Stelzen&#8220; beliebten Anlaufpunkt mit seiner gro\u00dfartigen Aussicht. Die H\u00e4userreihe f\u00fchrt den Bleichenberg hinunter und die beiden im Vordergrund zu sehenden Gel\u00e4nder geh\u00f6rten zum ehemaligen Anlegeplatz der Boote, die die G\u00e4ste des Hotel Maywald her\u00fcber zum Stadtbad brachten, von wo aus dieses Foto geschossen wurde. Nachtr\u00e4glich wurde es dann leicht koloriert, wie damals nicht un\u00fcblich.<\/p>\n<p><a href=\"http:\/\/www.kle-blatt.de\/blog\/wp-content\/uploads\/2015\/10\/bad-kleve1.jpg\"><img loading=\"lazy\" decoding=\"async\" class=\"size-full wp-image-16931 aligncenter\" src=\"https:\/\/www.kle-blatt.de\/blog\/wp-content\/uploads\/2015\/10\/bad-kleve1.jpg\" alt=\"Gro\u00dfartig: Koloriertes Bad Cleve\" width=\"850\" height=\"517\" \/><\/a><\/p>\n","protected":false},"excerpt":{"rendered":"<p>Gro\u00dfartig: Koloriertes Bad Cleve Diese wundervolle kolorierte Ansichtskarte von Bad Cleve zeigt den Blick auf die Schwanenburg, den Spiegelturm und &hellip; <a href=\"https:\/\/www.kle-blatt.de\/blog\/kleve-in-foto-video\/koloriertes-bad-cleve.html\" class=\"more-link\"><span class=\"more-button\">Weiterlesen<span class=\"screen-reader-text\">Gro\u00dfartig: Koloriertes Bad Cleve<\/span><\/span><\/a><\/p>\n","protected":false},"author":2,"featured_media":16931,"comment_status":"open","ping_status":"closed","sticky":false,"template":"","format":"standard","meta":{"footnotes":""},"categories":[3],"tags":[3525],"class_list":["post-16930","post","type-post","status-publish","format-standard","has-post-thumbnail","hentry","category-kleve-in-foto-video","tag-koloriertes-bad-cleve"],"_links":{"self":[{"href":"https:\/\/www.kle-blatt.de\/blog\/wp-json\/wp\/v2\/posts\/16930","targetHints":{"allow":["GET"]}}],"collection":[{"href":"https:\/\/www.kle-blatt.de\/blog\/wp-json\/wp\/v2\/posts"}],"about":[{"href":"https:\/\/www.kle-blatt.de\/blog\/wp-json\/wp\/v2\/types\/post"}],"author":[{"embeddable":true,"href":"https:\/\/www.kle-blatt.de\/blog\/wp-json\/wp\/v2\/users\/2"}],"replies":[{"embeddable":true,"href":"https:\/\/www.kle-blatt.de\/blog\/wp-json\/wp\/v2\/comments?post=16930"}],"version-history":[{"count":1,"href":"https:\/\/www.kle-blatt.de\/blog\/wp-json\/wp\/v2\/posts\/16930\/revisions"}],"predecessor-version":[{"id":31149,"href":"https:\/\/www.kle-blatt.de\/blog\/wp-json\/wp\/v2\/posts\/16930\/revisions\/31149"}],"wp:featuredmedia":[{"embeddable":true,"href":"https:\/\/www.kle-blatt.de\/blog\/wp-json\/wp\/v2\/media\/16931"}],"wp:attachment":[{"href":"https:\/\/www.kle-blatt.de\/blog\/wp-json\/wp\/v2\/media?parent=16930"}],"wp:term":[{"taxonomy":"category","embeddable":true,"href":"https:\/\/www.kle-blatt.de\/blog\/wp-json\/wp\/v2\/categories?post=16930"},{"taxonomy":"post_tag","embeddable":true,"href":"https:\/\/www.kle-blatt.de\/blog\/wp-json\/wp\/v2\/tags?post=16930"}],"curies":[{"name":"wp","href":"https:\/\/api.w.org\/{rel}","templated":true}]}}