{"id":16937,"date":"2022-11-15T06:30:10","date_gmt":"2022-11-15T04:30:10","guid":{"rendered":"http:\/\/www.kle-blatt.de\/blog\/?p=16937"},"modified":"2022-10-20T10:40:23","modified_gmt":"2022-10-20T08:40:23","slug":"das-pracht-haus-an-der-gabelung","status":"publish","type":"post","link":"https:\/\/www.kle-blatt.de\/blog\/kleve-in-foto-video\/das-pracht-haus-an-der-gabelung.html","title":{"rendered":"Das Pracht-Haus an der Gabelung"},"content":{"rendered":"<p><strong>Das Pracht-Haus an der Gabelung<\/strong><\/p>\n<p>Wo sich einstmals das Cafe&#8216; Sch\u00fcrings befand und heute der Eingang zur Neuen Mitte in Kleve ist, treffen sich die Gro\u00dfe Stra\u00dfe, die Hagsche Stra\u00dfe und die Stechbahn. Dieses besondere Geb\u00e4ude sticht alleine durch seinen extravaganten Baustil ein wenig heraus, was sicher auch an den beiden wuchtigen T\u00fcrmen gelegen hat, die an der oberen Dachfront in den Himmel ragten.<\/p>\n<p><a href=\"http:\/\/www.kle-blatt.de\/blog\/wp-content\/uploads\/2015\/10\/fischmarkt-gro\u00dfe-1.jpg\"><img loading=\"lazy\" decoding=\"async\" class=\"size-full wp-image-16938 aligncenter\" src=\"https:\/\/www.kle-blatt.de\/blog\/wp-content\/uploads\/2015\/10\/fischmarkt-gro\u00dfe-1.jpg\" alt=\"Das Pracht-Haus an der Gabelung\" width=\"849\" height=\"518\" \/><\/a><\/p>\n","protected":false},"excerpt":{"rendered":"<p>Das Pracht-Haus an der Gabelung Wo sich einstmals das Cafe&#8216; Sch\u00fcrings befand und heute der Eingang zur Neuen Mitte in &hellip; <a href=\"https:\/\/www.kle-blatt.de\/blog\/kleve-in-foto-video\/das-pracht-haus-an-der-gabelung.html\" class=\"more-link\"><span class=\"more-button\">Weiterlesen<span class=\"screen-reader-text\">Das Pracht-Haus an der Gabelung<\/span><\/span><\/a><\/p>\n","protected":false},"author":2,"featured_media":16938,"comment_status":"open","ping_status":"closed","sticky":false,"template":"","format":"standard","meta":{"footnotes":""},"categories":[3],"tags":[3527],"class_list":["post-16937","post","type-post","status-publish","format-standard","has-post-thumbnail","hentry","category-kleve-in-foto-video","tag-das-pracht-haus-an-der-gabelung"],"_links":{"self":[{"href":"https:\/\/www.kle-blatt.de\/blog\/wp-json\/wp\/v2\/posts\/16937","targetHints":{"allow":["GET"]}}],"collection":[{"href":"https:\/\/www.kle-blatt.de\/blog\/wp-json\/wp\/v2\/posts"}],"about":[{"href":"https:\/\/www.kle-blatt.de\/blog\/wp-json\/wp\/v2\/types\/post"}],"author":[{"embeddable":true,"href":"https:\/\/www.kle-blatt.de\/blog\/wp-json\/wp\/v2\/users\/2"}],"replies":[{"embeddable":true,"href":"https:\/\/www.kle-blatt.de\/blog\/wp-json\/wp\/v2\/comments?post=16937"}],"version-history":[{"count":2,"href":"https:\/\/www.kle-blatt.de\/blog\/wp-json\/wp\/v2\/posts\/16937\/revisions"}],"predecessor-version":[{"id":31153,"href":"https:\/\/www.kle-blatt.de\/blog\/wp-json\/wp\/v2\/posts\/16937\/revisions\/31153"}],"wp:featuredmedia":[{"embeddable":true,"href":"https:\/\/www.kle-blatt.de\/blog\/wp-json\/wp\/v2\/media\/16938"}],"wp:attachment":[{"href":"https:\/\/www.kle-blatt.de\/blog\/wp-json\/wp\/v2\/media?parent=16937"}],"wp:term":[{"taxonomy":"category","embeddable":true,"href":"https:\/\/www.kle-blatt.de\/blog\/wp-json\/wp\/v2\/categories?post=16937"},{"taxonomy":"post_tag","embeddable":true,"href":"https:\/\/www.kle-blatt.de\/blog\/wp-json\/wp\/v2\/tags?post=16937"}],"curies":[{"name":"wp","href":"https:\/\/api.w.org\/{rel}","templated":true}]}}