{"id":16967,"date":"2022-11-22T06:20:09","date_gmt":"2022-11-22T04:20:09","guid":{"rendered":"http:\/\/www.kle-blatt.de\/blog\/?p=16967"},"modified":"2022-10-20T10:50:17","modified_gmt":"2022-10-20T08:50:17","slug":"die-evangelische-stiftung-von-kleve","status":"publish","type":"post","link":"https:\/\/www.kle-blatt.de\/blog\/kleve-in-foto-video\/die-evangelische-stiftung-von-kleve.html","title":{"rendered":"Die Evangelische Stiftung von Kleve"},"content":{"rendered":"<p><strong>Die Evangelische Stiftung von Kleve<\/strong><\/p>\n<p>Ein altes Bild von der Hagschen Stra\u00dfe zeigt hier das Geb\u00e4ude der Evangelischen Stiftung, welches heute noch teilweise besteht. Vor allem erhalten geblieben ist das herrliche Portal, das man sich tats\u00e4chlich immer noch in Ruhe anschauen kann. Nicht alles wurde zerst\u00f6rt oder abgerissen. Hier kann man nochmal den Blick auf ein St\u00fcck Klever Vergangenheit werfen.<\/p>\n<p><a href=\"http:\/\/www.kle-blatt.de\/blog\/wp-content\/uploads\/2015\/10\/evangelische-stiftung.jpg\"><img loading=\"lazy\" decoding=\"async\" class=\"size-full wp-image-16968 aligncenter\" src=\"https:\/\/www.kle-blatt.de\/blog\/wp-content\/uploads\/2015\/10\/evangelische-stiftung.jpg\" alt=\"Die Evangelische Stiftung von Kleve\" width=\"850\" height=\"524\" \/><\/a><\/p>\n","protected":false},"excerpt":{"rendered":"<p>Die Evangelische Stiftung von Kleve Ein altes Bild von der Hagschen Stra\u00dfe zeigt hier das Geb\u00e4ude der Evangelischen Stiftung, welches &hellip; <a href=\"https:\/\/www.kle-blatt.de\/blog\/kleve-in-foto-video\/die-evangelische-stiftung-von-kleve.html\" class=\"more-link\"><span class=\"more-button\">Weiterlesen<span class=\"screen-reader-text\">Die Evangelische Stiftung von Kleve<\/span><\/span><\/a><\/p>\n","protected":false},"author":2,"featured_media":16968,"comment_status":"open","ping_status":"closed","sticky":false,"template":"","format":"standard","meta":{"footnotes":""},"categories":[3],"tags":[3535],"class_list":["post-16967","post","type-post","status-publish","format-standard","has-post-thumbnail","hentry","category-kleve-in-foto-video","tag-die-evangelische-stiftung-von-kleve"],"_links":{"self":[{"href":"https:\/\/www.kle-blatt.de\/blog\/wp-json\/wp\/v2\/posts\/16967","targetHints":{"allow":["GET"]}}],"collection":[{"href":"https:\/\/www.kle-blatt.de\/blog\/wp-json\/wp\/v2\/posts"}],"about":[{"href":"https:\/\/www.kle-blatt.de\/blog\/wp-json\/wp\/v2\/types\/post"}],"author":[{"embeddable":true,"href":"https:\/\/www.kle-blatt.de\/blog\/wp-json\/wp\/v2\/users\/2"}],"replies":[{"embeddable":true,"href":"https:\/\/www.kle-blatt.de\/blog\/wp-json\/wp\/v2\/comments?post=16967"}],"version-history":[{"count":2,"href":"https:\/\/www.kle-blatt.de\/blog\/wp-json\/wp\/v2\/posts\/16967\/revisions"}],"predecessor-version":[{"id":31167,"href":"https:\/\/www.kle-blatt.de\/blog\/wp-json\/wp\/v2\/posts\/16967\/revisions\/31167"}],"wp:featuredmedia":[{"embeddable":true,"href":"https:\/\/www.kle-blatt.de\/blog\/wp-json\/wp\/v2\/media\/16968"}],"wp:attachment":[{"href":"https:\/\/www.kle-blatt.de\/blog\/wp-json\/wp\/v2\/media?parent=16967"}],"wp:term":[{"taxonomy":"category","embeddable":true,"href":"https:\/\/www.kle-blatt.de\/blog\/wp-json\/wp\/v2\/categories?post=16967"},{"taxonomy":"post_tag","embeddable":true,"href":"https:\/\/www.kle-blatt.de\/blog\/wp-json\/wp\/v2\/tags?post=16967"}],"curies":[{"name":"wp","href":"https:\/\/api.w.org\/{rel}","templated":true}]}}