{"id":17002,"date":"2023-11-10T07:10:52","date_gmt":"2023-11-10T05:10:52","guid":{"rendered":"http:\/\/www.kle-blatt.de\/blog\/?p=17002"},"modified":"2023-10-06T12:48:23","modified_gmt":"2023-10-06T10:48:23","slug":"feiertag-auf-dem-kleinen-markt","status":"publish","type":"post","link":"https:\/\/www.kle-blatt.de\/blog\/kleve-in-foto-video\/feiertag-auf-dem-kleinen-markt.html","title":{"rendered":"Feiertag auf dem Kleinen Markt"},"content":{"rendered":"<p><strong>Feiertag auf dem Kleinen Markt<\/strong><\/p>\n<p>Auf diesem gro\u00dfartigen alten kolorierten Bild sehen wir das bunte Markt-Geschehen am Denkmal des Gro\u00dfen Kurf\u00fcrsten. Es scheint ein besonderer Tag zu sein, denn Cleve hat geflaggt. Links &#8211; vom Efeu bewachsen &#8211; sehen wir das legend\u00e4re Hotel &#8222;Zum Gro\u00dfen Kurf\u00fcrsten&#8220;. Im Vordergrund hat sich ein Klever B\u00fcrger im Gehrock mit Stock und Kreiss\u00e4ge (dem damals beliebten Strohhut) dem Fotografen in Pose gestellt. Durch die Kolorierung gewinnt man den Eindruck, das die Marktfrauen alle das gleiche gr\u00fcne Gem\u00fcse verkaufen. M\u00f6glicherweise sind in einem Korb sogar die Kartoffeln gr\u00fcn. \ud83d\ude42<\/p>\n<p><a href=\"http:\/\/www.kle-blatt.de\/blog\/wp-content\/uploads\/2015\/10\/kleiner-markt-1-bernd-versteegen.jpg\"><img loading=\"lazy\" decoding=\"async\" class=\"size-full wp-image-17003 aligncenter\" src=\"https:\/\/www.kle-blatt.de\/blog\/wp-content\/uploads\/2015\/10\/kleiner-markt-1-bernd-versteegen.jpg\" alt=\"Feiertag auf dem Kleinen Markt\" width=\"849\" height=\"516\" \/><\/a><br \/>\n(Foto eingereicht von Bernd Versteegen)<\/p>\n","protected":false},"excerpt":{"rendered":"<p>Feiertag auf dem Kleinen Markt Auf diesem gro\u00dfartigen alten kolorierten Bild sehen wir das bunte Markt-Geschehen am Denkmal des Gro\u00dfen &hellip; <a href=\"https:\/\/www.kle-blatt.de\/blog\/kleve-in-foto-video\/feiertag-auf-dem-kleinen-markt.html\" class=\"more-link\"><span class=\"more-button\">Weiterlesen<span class=\"screen-reader-text\">Feiertag auf dem Kleinen Markt<\/span><\/span><\/a><\/p>\n","protected":false},"author":2,"featured_media":17003,"comment_status":"closed","ping_status":"closed","sticky":false,"template":"","format":"standard","meta":{"footnotes":""},"categories":[3],"tags":[3545],"class_list":["post-17002","post","type-post","status-publish","format-standard","has-post-thumbnail","hentry","category-kleve-in-foto-video","tag-feiertag-auf-dem-kleinen-markt"],"_links":{"self":[{"href":"https:\/\/www.kle-blatt.de\/blog\/wp-json\/wp\/v2\/posts\/17002","targetHints":{"allow":["GET"]}}],"collection":[{"href":"https:\/\/www.kle-blatt.de\/blog\/wp-json\/wp\/v2\/posts"}],"about":[{"href":"https:\/\/www.kle-blatt.de\/blog\/wp-json\/wp\/v2\/types\/post"}],"author":[{"embeddable":true,"href":"https:\/\/www.kle-blatt.de\/blog\/wp-json\/wp\/v2\/users\/2"}],"replies":[{"embeddable":true,"href":"https:\/\/www.kle-blatt.de\/blog\/wp-json\/wp\/v2\/comments?post=17002"}],"version-history":[{"count":2,"href":"https:\/\/www.kle-blatt.de\/blog\/wp-json\/wp\/v2\/posts\/17002\/revisions"}],"predecessor-version":[{"id":32806,"href":"https:\/\/www.kle-blatt.de\/blog\/wp-json\/wp\/v2\/posts\/17002\/revisions\/32806"}],"wp:featuredmedia":[{"embeddable":true,"href":"https:\/\/www.kle-blatt.de\/blog\/wp-json\/wp\/v2\/media\/17003"}],"wp:attachment":[{"href":"https:\/\/www.kle-blatt.de\/blog\/wp-json\/wp\/v2\/media?parent=17002"}],"wp:term":[{"taxonomy":"category","embeddable":true,"href":"https:\/\/www.kle-blatt.de\/blog\/wp-json\/wp\/v2\/categories?post=17002"},{"taxonomy":"post_tag","embeddable":true,"href":"https:\/\/www.kle-blatt.de\/blog\/wp-json\/wp\/v2\/tags?post=17002"}],"curies":[{"name":"wp","href":"https:\/\/api.w.org\/{rel}","templated":true}]}}