{"id":17005,"date":"2023-11-08T07:10:28","date_gmt":"2023-11-08T05:10:28","guid":{"rendered":"http:\/\/www.kle-blatt.de\/blog\/?p=17005"},"modified":"2023-10-06T11:33:29","modified_gmt":"2023-10-06T09:33:29","slug":"mit-der-bimmelbahn-von-cleve-nach-beek","status":"publish","type":"post","link":"https:\/\/www.kle-blatt.de\/blog\/kleve-in-foto-video\/mit-der-bimmelbahn-von-cleve-nach-beek.html","title":{"rendered":"Mit der &#8222;Bimmelbahn&#8220; von Cleve nach Beek"},"content":{"rendered":"<p><strong>Mit der &#8222;Bimmelbahn&#8220; von Cleve nach Beek<\/strong><\/p>\n<p>Vor etwa 100 Jahren kam es zu Feierlichkeiten f\u00fcr die Er\u00f6ffnung der Stra\u00dfenbahn-Strecke zwischen Beek und Cleve. Auf dem Bild sehen wir eine der ersten &#8222;Bimmelbahnen&#8220;. Man hat geflaggt und Girlanden gezogen. Viele Menschen haben sich zu diesem Anlass versammelt und in die &#8222;Sonntags-Klamotten&#8220; geworfen. Auffallend die Riesen-H\u00fcte bei den Damen. Aber das war damals en vogue und wurde quasi von der Modewelt aufdiktiert. An diesem Vorgang hat sich bis heute nix ge\u00e4ndert. \ud83d\ude42<\/p>\n<p><a href=\"http:\/\/www.kle-blatt.de\/blog\/wp-content\/uploads\/2015\/10\/vor-100-j-er\u00f6ffnung-stra\u00dfenbahn-beek-kle-bernd-verseegen.jpg\"><img loading=\"lazy\" decoding=\"async\" class=\"size-full wp-image-17006 aligncenter\" src=\"https:\/\/www.kle-blatt.de\/blog\/wp-content\/uploads\/2015\/10\/vor-100-j-er\u00f6ffnung-stra\u00dfenbahn-beek-kle-bernd-verseegen.jpg\" alt=\"Mit der Bimmelbahn von Cleve nach Beek\" width=\"849\" height=\"559\" \/><\/a><br \/>\n(Foto eingereicht von Bernd Versteegen)<\/p>\n","protected":false},"excerpt":{"rendered":"<p>Mit der &#8222;Bimmelbahn&#8220; von Cleve nach Beek Vor etwa 100 Jahren kam es zu Feierlichkeiten f\u00fcr die Er\u00f6ffnung der Stra\u00dfenbahn-Strecke &hellip; <a href=\"https:\/\/www.kle-blatt.de\/blog\/kleve-in-foto-video\/mit-der-bimmelbahn-von-cleve-nach-beek.html\" class=\"more-link\"><span class=\"more-button\">Weiterlesen<span class=\"screen-reader-text\">Mit der &#8222;Bimmelbahn&#8220; von Cleve nach Beek<\/span><\/span><\/a><\/p>\n","protected":false},"author":2,"featured_media":17006,"comment_status":"closed","ping_status":"closed","sticky":false,"template":"","format":"standard","meta":{"footnotes":""},"categories":[3],"tags":[3546],"class_list":["post-17005","post","type-post","status-publish","format-standard","has-post-thumbnail","hentry","category-kleve-in-foto-video","tag-mit-der-bimmelbahn-von-cleve-nach-beek"],"_links":{"self":[{"href":"https:\/\/www.kle-blatt.de\/blog\/wp-json\/wp\/v2\/posts\/17005","targetHints":{"allow":["GET"]}}],"collection":[{"href":"https:\/\/www.kle-blatt.de\/blog\/wp-json\/wp\/v2\/posts"}],"about":[{"href":"https:\/\/www.kle-blatt.de\/blog\/wp-json\/wp\/v2\/types\/post"}],"author":[{"embeddable":true,"href":"https:\/\/www.kle-blatt.de\/blog\/wp-json\/wp\/v2\/users\/2"}],"replies":[{"embeddable":true,"href":"https:\/\/www.kle-blatt.de\/blog\/wp-json\/wp\/v2\/comments?post=17005"}],"version-history":[{"count":2,"href":"https:\/\/www.kle-blatt.de\/blog\/wp-json\/wp\/v2\/posts\/17005\/revisions"}],"predecessor-version":[{"id":32788,"href":"https:\/\/www.kle-blatt.de\/blog\/wp-json\/wp\/v2\/posts\/17005\/revisions\/32788"}],"wp:featuredmedia":[{"embeddable":true,"href":"https:\/\/www.kle-blatt.de\/blog\/wp-json\/wp\/v2\/media\/17006"}],"wp:attachment":[{"href":"https:\/\/www.kle-blatt.de\/blog\/wp-json\/wp\/v2\/media?parent=17005"}],"wp:term":[{"taxonomy":"category","embeddable":true,"href":"https:\/\/www.kle-blatt.de\/blog\/wp-json\/wp\/v2\/categories?post=17005"},{"taxonomy":"post_tag","embeddable":true,"href":"https:\/\/www.kle-blatt.de\/blog\/wp-json\/wp\/v2\/tags?post=17005"}],"curies":[{"name":"wp","href":"https:\/\/api.w.org\/{rel}","templated":true}]}}