{"id":17046,"date":"2023-11-17T06:10:55","date_gmt":"2023-11-17T04:10:55","guid":{"rendered":"http:\/\/www.kle-blatt.de\/blog\/?p=17046"},"modified":"2023-10-06T10:55:47","modified_gmt":"2023-10-06T08:55:47","slug":"der-geflaggte-klever-kaufhof","status":"publish","type":"post","link":"https:\/\/www.kle-blatt.de\/blog\/kleve-in-foto-video\/aus-dem-privatalbum\/der-geflaggte-klever-kaufhof.html","title":{"rendered":"Der geflaggte Klever Kaufhof"},"content":{"rendered":"<p><strong>Der geflaggte Klever Kaufhof<\/strong><\/p>\n<p>Es w\u00e4re wohl m\u00fc\u00dfig, sich heute noch Gedanken zu machen, warum der Kaufhof auf diesem Bild im Jahre 1965 &#8222;Flagge zeigte&#8220;. Es wird einen Grund daf\u00fcr gegeben haben. Wir sehen die beidseitig noch zu befahrende Gro\u00dfe Stra\u00dfe und sogar das Werbeschild der Firma Neckermann, die damals eine Dependance in Kleve hatte.<\/p>\n<p><a href=\"http:\/\/www.kle-blatt.de\/blog\/wp-content\/uploads\/2015\/10\/geflaggter-kaufhof-1965.jpg\"><img loading=\"lazy\" decoding=\"async\" class=\"size-full wp-image-17047 aligncenter\" src=\"https:\/\/www.kle-blatt.de\/blog\/wp-content\/uploads\/2015\/10\/geflaggter-kaufhof-1965.jpg\" alt=\"Der geflaggte Klever Kaufhof\" width=\"850\" height=\"597\" \/><\/a><br \/>\n(Foto: Peter Nengel)<\/p>\n","protected":false},"excerpt":{"rendered":"<p>Der geflaggte Klever Kaufhof Es w\u00e4re wohl m\u00fc\u00dfig, sich heute noch Gedanken zu machen, warum der Kaufhof auf diesem Bild &hellip; <a href=\"https:\/\/www.kle-blatt.de\/blog\/kleve-in-foto-video\/aus-dem-privatalbum\/der-geflaggte-klever-kaufhof.html\" class=\"more-link\"><span class=\"more-button\">Weiterlesen<span class=\"screen-reader-text\">Der geflaggte Klever Kaufhof<\/span><\/span><\/a><\/p>\n","protected":false},"author":2,"featured_media":17047,"comment_status":"closed","ping_status":"closed","sticky":false,"template":"","format":"standard","meta":{"footnotes":""},"categories":[20],"tags":[3558],"class_list":["post-17046","post","type-post","status-publish","format-standard","has-post-thumbnail","hentry","category-aus-dem-privatalbum","tag-der-geflaggte-klever-kaufhof"],"_links":{"self":[{"href":"https:\/\/www.kle-blatt.de\/blog\/wp-json\/wp\/v2\/posts\/17046","targetHints":{"allow":["GET"]}}],"collection":[{"href":"https:\/\/www.kle-blatt.de\/blog\/wp-json\/wp\/v2\/posts"}],"about":[{"href":"https:\/\/www.kle-blatt.de\/blog\/wp-json\/wp\/v2\/types\/post"}],"author":[{"embeddable":true,"href":"https:\/\/www.kle-blatt.de\/blog\/wp-json\/wp\/v2\/users\/2"}],"replies":[{"embeddable":true,"href":"https:\/\/www.kle-blatt.de\/blog\/wp-json\/wp\/v2\/comments?post=17046"}],"version-history":[{"count":1,"href":"https:\/\/www.kle-blatt.de\/blog\/wp-json\/wp\/v2\/posts\/17046\/revisions"}],"predecessor-version":[{"id":32760,"href":"https:\/\/www.kle-blatt.de\/blog\/wp-json\/wp\/v2\/posts\/17046\/revisions\/32760"}],"wp:featuredmedia":[{"embeddable":true,"href":"https:\/\/www.kle-blatt.de\/blog\/wp-json\/wp\/v2\/media\/17047"}],"wp:attachment":[{"href":"https:\/\/www.kle-blatt.de\/blog\/wp-json\/wp\/v2\/media?parent=17046"}],"wp:term":[{"taxonomy":"category","embeddable":true,"href":"https:\/\/www.kle-blatt.de\/blog\/wp-json\/wp\/v2\/categories?post=17046"},{"taxonomy":"post_tag","embeddable":true,"href":"https:\/\/www.kle-blatt.de\/blog\/wp-json\/wp\/v2\/tags?post=17046"}],"curies":[{"name":"wp","href":"https:\/\/api.w.org\/{rel}","templated":true}]}}