{"id":17064,"date":"2023-11-16T07:00:53","date_gmt":"2023-11-16T05:00:53","guid":{"rendered":"http:\/\/www.kle-blatt.de\/blog\/?p=17064"},"modified":"2023-10-07T10:22:30","modified_gmt":"2023-10-07T08:22:30","slug":"ein-klever-kronleuchter-zum-heulen","status":"publish","type":"post","link":"https:\/\/www.kle-blatt.de\/blog\/kleve-in-foto-video\/aus-dem-privatalbum\/ein-klever-kronleuchter-zum-heulen.html","title":{"rendered":"So schade &#8211; Ein markanter Klever Leuchter zum Heulen&#8230;"},"content":{"rendered":"<p><strong>So schade &#8211; Ein markanter Klever Leuchter zum Heulen&#8230;<\/strong><\/p>\n<p>Beim Anblick des ersten Bildes kehren sofort wundervolle Erinnerungen zur\u00fcck an tolle Filme, Atmosph\u00e4re und vielleicht auch erste Liebe, wenn das Licht dieses bekannten Leuchters langsam herunter dimmerte. Beim Ansehen des zweiten Fotos \u00fcberkommt einem Klever echte Wehmut und Traurigkeit, denn es ist das Zeichen, das gro\u00dfartige Kino-Erlebnisse der Jugend f\u00fcr immer verschwunden sind. Dieser Leuchter aus dem Burgtheater h\u00e4tte noch soviel Geschichten erz\u00e4hlen k\u00f6nnen. Warum hat man ihn nicht abmontiert und f\u00fcr die Nachwelt erhalten? Stattdessen wurde er brutal zerst\u00f6rt wie der Rest des wohl sch\u00f6nsten Klever Theaters, was man jemals vorweisen konnte.<\/p>\n<p><a href=\"http:\/\/www.kle-blatt.de\/blog\/wp-content\/uploads\/2015\/10\/DAS-BTK-ENDE-2002-014.jpg\"><img loading=\"lazy\" decoding=\"async\" class=\"size-full wp-image-17065 aligncenter\" src=\"http:\/\/www.kle-blatt.de\/blog\/wp-content\/uploads\/2015\/10\/DAS-BTK-ENDE-2002-014.jpg\" alt=\"So schade - Ein markanter Klever Leuchter zum Heulen...\" width=\"849\" height=\"587\" \/><\/a><br \/>\n(Foto: J\u00fcrgen Eickelkamp)<\/p>\n<p><a href=\"http:\/\/www.kle-blatt.de\/blog\/wp-content\/uploads\/2015\/10\/kronleuchter-burgtheater.jpg\"><img loading=\"lazy\" decoding=\"async\" class=\"size-full wp-image-17066 aligncenter\" src=\"http:\/\/www.kle-blatt.de\/blog\/wp-content\/uploads\/2015\/10\/kronleuchter-burgtheater.jpg\" alt=\"So schade - Ein markanter Klever Leuchter zum Heulen...\" width=\"850\" height=\"598\" \/><\/a><br \/>\n(Foto: Dimitra Dietrich)<\/p>\n","protected":false},"excerpt":{"rendered":"<p>So schade &#8211; Ein markanter Klever Leuchter zum Heulen&#8230; Beim Anblick des ersten Bildes kehren sofort wundervolle Erinnerungen zur\u00fcck an &hellip; <a href=\"https:\/\/www.kle-blatt.de\/blog\/kleve-in-foto-video\/aus-dem-privatalbum\/ein-klever-kronleuchter-zum-heulen.html\" class=\"more-link\"><span class=\"more-button\">Weiterlesen<span class=\"screen-reader-text\">So schade &#8211; Ein markanter Klever Leuchter zum Heulen&#8230;<\/span><\/span><\/a><\/p>\n","protected":false},"author":2,"featured_media":17065,"comment_status":"closed","ping_status":"closed","sticky":false,"template":"","format":"standard","meta":{"footnotes":""},"categories":[20],"tags":[3564,5185],"class_list":["post-17064","post","type-post","status-publish","format-standard","has-post-thumbnail","hentry","category-aus-dem-privatalbum","tag-ein-klever-kronleuchter-zum-heulen","tag-ein-markanter-klever-leuchter-zum-heulen"],"_links":{"self":[{"href":"https:\/\/www.kle-blatt.de\/blog\/wp-json\/wp\/v2\/posts\/17064","targetHints":{"allow":["GET"]}}],"collection":[{"href":"https:\/\/www.kle-blatt.de\/blog\/wp-json\/wp\/v2\/posts"}],"about":[{"href":"https:\/\/www.kle-blatt.de\/blog\/wp-json\/wp\/v2\/types\/post"}],"author":[{"embeddable":true,"href":"https:\/\/www.kle-blatt.de\/blog\/wp-json\/wp\/v2\/users\/2"}],"replies":[{"embeddable":true,"href":"https:\/\/www.kle-blatt.de\/blog\/wp-json\/wp\/v2\/comments?post=17064"}],"version-history":[{"count":2,"href":"https:\/\/www.kle-blatt.de\/blog\/wp-json\/wp\/v2\/posts\/17064\/revisions"}],"predecessor-version":[{"id":32815,"href":"https:\/\/www.kle-blatt.de\/blog\/wp-json\/wp\/v2\/posts\/17064\/revisions\/32815"}],"wp:featuredmedia":[{"embeddable":true,"href":"https:\/\/www.kle-blatt.de\/blog\/wp-json\/wp\/v2\/media\/17065"}],"wp:attachment":[{"href":"https:\/\/www.kle-blatt.de\/blog\/wp-json\/wp\/v2\/media?parent=17064"}],"wp:term":[{"taxonomy":"category","embeddable":true,"href":"https:\/\/www.kle-blatt.de\/blog\/wp-json\/wp\/v2\/categories?post=17064"},{"taxonomy":"post_tag","embeddable":true,"href":"https:\/\/www.kle-blatt.de\/blog\/wp-json\/wp\/v2\/tags?post=17064"}],"curies":[{"name":"wp","href":"https:\/\/api.w.org\/{rel}","templated":true}]}}