{"id":17101,"date":"2020-11-11T07:00:36","date_gmt":"2020-11-11T05:00:36","guid":{"rendered":"http:\/\/www.kle-blatt.de\/blog\/?p=17101"},"modified":"2020-10-26T14:15:03","modified_gmt":"2020-10-26T12:15:03","slug":"markttag-auf-dem-kleinen-markt","status":"publish","type":"post","link":"https:\/\/www.kle-blatt.de\/blog\/kleve-in-foto-video\/markttag-auf-dem-kleinen-markt.html","title":{"rendered":"Es war einmal Markttag auf dem Kleinen Markt"},"content":{"rendered":"<p><strong>Es war einmal Markttag auf dem Kleinen Markt<\/strong><\/p>\n<p>Fast alle Menschen, die hier an einem Tag im Jahre 1905 auf dem Kleinen Markt in Bad Cleve versammelt waren, schauen neugierig in die Kamera. Es war zu dieser Zeit nicht allt\u00e4glich, das man fotografiert wurde. Heute undenkbar. Rund um das Lohengrin-Denkmal wurden die Dinge des t\u00e4glichen Bedarfs von den Bauern und Handwerkern der Gegend angeboten. Daran hat sich bis heute nicht viel ge\u00e4ndert. Die Mode allerdings schon. Frauen mit solchen wuchtigen Kleidern und Kittelsch\u00fcrzen sieht man heutzutage nur noch selten.<\/p>\n<p><a href=\"http:\/\/www.kle-blatt.de\/blog\/wp-content\/uploads\/2015\/10\/kleiner-markt-cleve-1905.jpg\"><img loading=\"lazy\" decoding=\"async\" class=\"size-full wp-image-17102 aligncenter\" src=\"https:\/\/www.kle-blatt.de\/blog\/wp-content\/uploads\/2015\/10\/kleiner-markt-cleve-1905.jpg\" alt=\"Es war einmal Markttag auf dem Kleinen Markt\" width=\"850\" height=\"560\" \/><\/a><br \/>\n(Foto eingereicht von Heinz Lankeit)<\/p>\n","protected":false},"excerpt":{"rendered":"<p>Es war einmal Markttag auf dem Kleinen Markt Fast alle Menschen, die hier an einem Tag im Jahre 1905 auf &hellip; <a href=\"https:\/\/www.kle-blatt.de\/blog\/kleve-in-foto-video\/markttag-auf-dem-kleinen-markt.html\" class=\"more-link\"><span class=\"more-button\">Weiterlesen<span class=\"screen-reader-text\">Es war einmal Markttag auf dem Kleinen Markt<\/span><\/span><\/a><\/p>\n","protected":false},"author":2,"featured_media":17102,"comment_status":"open","ping_status":"closed","sticky":false,"template":"","format":"standard","meta":{"footnotes":""},"categories":[3],"tags":[3574],"class_list":["post-17101","post","type-post","status-publish","format-standard","has-post-thumbnail","hentry","category-kleve-in-foto-video","tag-markttag-auf-dem-kleinen-markt"],"_links":{"self":[{"href":"https:\/\/www.kle-blatt.de\/blog\/wp-json\/wp\/v2\/posts\/17101","targetHints":{"allow":["GET"]}}],"collection":[{"href":"https:\/\/www.kle-blatt.de\/blog\/wp-json\/wp\/v2\/posts"}],"about":[{"href":"https:\/\/www.kle-blatt.de\/blog\/wp-json\/wp\/v2\/types\/post"}],"author":[{"embeddable":true,"href":"https:\/\/www.kle-blatt.de\/blog\/wp-json\/wp\/v2\/users\/2"}],"replies":[{"embeddable":true,"href":"https:\/\/www.kle-blatt.de\/blog\/wp-json\/wp\/v2\/comments?post=17101"}],"version-history":[{"count":2,"href":"https:\/\/www.kle-blatt.de\/blog\/wp-json\/wp\/v2\/posts\/17101\/revisions"}],"predecessor-version":[{"id":27737,"href":"https:\/\/www.kle-blatt.de\/blog\/wp-json\/wp\/v2\/posts\/17101\/revisions\/27737"}],"wp:featuredmedia":[{"embeddable":true,"href":"https:\/\/www.kle-blatt.de\/blog\/wp-json\/wp\/v2\/media\/17102"}],"wp:attachment":[{"href":"https:\/\/www.kle-blatt.de\/blog\/wp-json\/wp\/v2\/media?parent=17101"}],"wp:term":[{"taxonomy":"category","embeddable":true,"href":"https:\/\/www.kle-blatt.de\/blog\/wp-json\/wp\/v2\/categories?post=17101"},{"taxonomy":"post_tag","embeddable":true,"href":"https:\/\/www.kle-blatt.de\/blog\/wp-json\/wp\/v2\/tags?post=17101"}],"curies":[{"name":"wp","href":"https:\/\/api.w.org\/{rel}","templated":true}]}}