{"id":17147,"date":"2022-11-30T06:30:38","date_gmt":"2022-11-30T04:30:38","guid":{"rendered":"http:\/\/www.kle-blatt.de\/blog\/?p=17147"},"modified":"2022-10-20T10:57:50","modified_gmt":"2022-10-20T08:57:50","slug":"klever-winter-panorama","status":"publish","type":"post","link":"https:\/\/www.kle-blatt.de\/blog\/kleve-in-foto-video\/aus-dem-privatalbum\/klever-winter-panorama.html","title":{"rendered":"Klever Winter-Panorama"},"content":{"rendered":"<p><strong>Klever Winter-Panorama<\/strong><\/p>\n<p>Morgen beginnt der meteorologische Winter. Die so genannte &#8222;Kalte Jahreszeit&#8220; nimmt Einzug und beschert uns Eis, Schnee, Frost, Dunkelheit, kahle B\u00e4ume, rutschige Stra\u00dfen, Wind und Graupel. Trotz aller aktuellen widrigen Umst\u00e4nde hat sie ja auch ihre guten Seiten wie Weihnachten, Neujahr, Geschenke, gebackene Pl\u00e4tzchen, Punsch, Schlitten fahren und Eislaufen. Also freuen wir uns auf Spazierg\u00e4nge in wei\u00dfer Winterlandschaft an der frischen klaren Luft im dicken Mantel mit M\u00fctze und Handschuhen. Hat doch auch was. Oder spielt uns der Klimawandel einen Streich und wir laufen im T-Shirt durch die Stadt?<\/p>\n<p><a href=\"http:\/\/www.kle-blatt.de\/blog\/wp-content\/uploads\/2015\/11\/kermisdahl-vor-burg.jpg\"><img loading=\"lazy\" decoding=\"async\" class=\"size-full wp-image-17148 aligncenter\" src=\"https:\/\/www.kle-blatt.de\/blog\/wp-content\/uploads\/2015\/11\/kermisdahl-vor-burg.jpg\" alt=\"Wo steht denn die Klever Nebel-Burg?\" width=\"850\" height=\"527\" \/><\/a><br \/>\n(Foto: Oliver Gubbels)<\/p>\n","protected":false},"excerpt":{"rendered":"<p>Klever Winter-Panorama Morgen beginnt der meteorologische Winter. Die so genannte &#8222;Kalte Jahreszeit&#8220; nimmt Einzug und beschert uns Eis, Schnee, Frost, &hellip; <a href=\"https:\/\/www.kle-blatt.de\/blog\/kleve-in-foto-video\/aus-dem-privatalbum\/klever-winter-panorama.html\" class=\"more-link\"><span class=\"more-button\">Weiterlesen<span class=\"screen-reader-text\">Klever Winter-Panorama<\/span><\/span><\/a><\/p>\n","protected":false},"author":2,"featured_media":17148,"comment_status":"open","ping_status":"closed","sticky":false,"template":"","format":"standard","meta":{"footnotes":""},"categories":[20],"tags":[3588],"class_list":["post-17147","post","type-post","status-publish","format-standard","has-post-thumbnail","hentry","category-aus-dem-privatalbum","tag-klever-winter-panorama"],"_links":{"self":[{"href":"https:\/\/www.kle-blatt.de\/blog\/wp-json\/wp\/v2\/posts\/17147","targetHints":{"allow":["GET"]}}],"collection":[{"href":"https:\/\/www.kle-blatt.de\/blog\/wp-json\/wp\/v2\/posts"}],"about":[{"href":"https:\/\/www.kle-blatt.de\/blog\/wp-json\/wp\/v2\/types\/post"}],"author":[{"embeddable":true,"href":"https:\/\/www.kle-blatt.de\/blog\/wp-json\/wp\/v2\/users\/2"}],"replies":[{"embeddable":true,"href":"https:\/\/www.kle-blatt.de\/blog\/wp-json\/wp\/v2\/comments?post=17147"}],"version-history":[{"count":2,"href":"https:\/\/www.kle-blatt.de\/blog\/wp-json\/wp\/v2\/posts\/17147\/revisions"}],"predecessor-version":[{"id":31173,"href":"https:\/\/www.kle-blatt.de\/blog\/wp-json\/wp\/v2\/posts\/17147\/revisions\/31173"}],"wp:featuredmedia":[{"embeddable":true,"href":"https:\/\/www.kle-blatt.de\/blog\/wp-json\/wp\/v2\/media\/17148"}],"wp:attachment":[{"href":"https:\/\/www.kle-blatt.de\/blog\/wp-json\/wp\/v2\/media?parent=17147"}],"wp:term":[{"taxonomy":"category","embeddable":true,"href":"https:\/\/www.kle-blatt.de\/blog\/wp-json\/wp\/v2\/categories?post=17147"},{"taxonomy":"post_tag","embeddable":true,"href":"https:\/\/www.kle-blatt.de\/blog\/wp-json\/wp\/v2\/tags?post=17147"}],"curies":[{"name":"wp","href":"https:\/\/api.w.org\/{rel}","templated":true}]}}