{"id":17263,"date":"2024-12-07T06:20:53","date_gmt":"2024-12-07T04:20:53","guid":{"rendered":"http:\/\/www.kle-blatt.de\/blog\/?p=17263"},"modified":"2024-11-04T10:45:46","modified_gmt":"2024-11-04T08:45:46","slug":"schnee-auf-der-nassauerallee","status":"publish","type":"post","link":"https:\/\/www.kle-blatt.de\/blog\/kleve-in-foto-video\/schnee-auf-der-nassauerallee.html","title":{"rendered":"Ja, es ist tats\u00e4chlich die Nassauerallee"},"content":{"rendered":"<p><strong>Ja, es ist tats\u00e4chlich die Nassauerallee<\/strong><\/p>\n<p>Links sehen wir die Fahrbahn der Nassauerallee. Der Fotograf Ewald\u00a0Steiger stand mit der Kamera auf dem Promenadenweg, der wundervollen Fu\u00dfg\u00e4nger-Allee. Rechts auf dem Bild erblickt man\u00a0die Stromleitungen f\u00fcr die Stra\u00dfenbahn, die am 13.8.1920 auf dem Teilst\u00fcck Bahnhof Kleve bis zum B\u00fcrgermeisteramt Wei\u00dfes Tor in Betrieb genommen wurde. Links auf dem Bild ein Mast mit vielen Fernsprechleitungen.<\/p>\n<p><a href=\"http:\/\/www.kle-blatt.de\/blog\/wp-content\/uploads\/2015\/11\/schnee-nassauerallee.jpg\"><img loading=\"lazy\" decoding=\"async\" class=\"size-full wp-image-17264 aligncenter\" src=\"https:\/\/www.kle-blatt.de\/blog\/wp-content\/uploads\/2015\/11\/schnee-nassauerallee.jpg\" alt=\"Ja, es ist tats\u00e4chlich die Nassauerallee\" width=\"850\" height=\"539\" \/><\/a><\/p>\n<p>(Foto: Ewald Steiger &#8211; \u00a9 Kreisarchiv Kleve &#8211; KA Kle F6, Kleve LXI \/ 2)<\/p>\n","protected":false},"excerpt":{"rendered":"<p>Ja, es ist tats\u00e4chlich die Nassauerallee Links sehen wir die Fahrbahn der Nassauerallee. Der Fotograf Ewald\u00a0Steiger stand mit der Kamera &hellip; <a href=\"https:\/\/www.kle-blatt.de\/blog\/kleve-in-foto-video\/schnee-auf-der-nassauerallee.html\" class=\"more-link\"><span class=\"more-button\">Weiterlesen<span class=\"screen-reader-text\">Ja, es ist tats\u00e4chlich die Nassauerallee<\/span><\/span><\/a><\/p>\n","protected":false},"author":2,"featured_media":17264,"comment_status":"closed","ping_status":"closed","sticky":false,"template":"","format":"standard","meta":{"footnotes":""},"categories":[3],"tags":[6249,5839],"class_list":["post-17263","post","type-post","status-publish","format-standard","has-post-thumbnail","hentry","category-kleve-in-foto-video","tag-es-ist-tatsaechlich-die-nassauerallee","tag-ja"],"_links":{"self":[{"href":"https:\/\/www.kle-blatt.de\/blog\/wp-json\/wp\/v2\/posts\/17263","targetHints":{"allow":["GET"]}}],"collection":[{"href":"https:\/\/www.kle-blatt.de\/blog\/wp-json\/wp\/v2\/posts"}],"about":[{"href":"https:\/\/www.kle-blatt.de\/blog\/wp-json\/wp\/v2\/types\/post"}],"author":[{"embeddable":true,"href":"https:\/\/www.kle-blatt.de\/blog\/wp-json\/wp\/v2\/users\/2"}],"replies":[{"embeddable":true,"href":"https:\/\/www.kle-blatt.de\/blog\/wp-json\/wp\/v2\/comments?post=17263"}],"version-history":[{"count":3,"href":"https:\/\/www.kle-blatt.de\/blog\/wp-json\/wp\/v2\/posts\/17263\/revisions"}],"predecessor-version":[{"id":34494,"href":"https:\/\/www.kle-blatt.de\/blog\/wp-json\/wp\/v2\/posts\/17263\/revisions\/34494"}],"wp:featuredmedia":[{"embeddable":true,"href":"https:\/\/www.kle-blatt.de\/blog\/wp-json\/wp\/v2\/media\/17264"}],"wp:attachment":[{"href":"https:\/\/www.kle-blatt.de\/blog\/wp-json\/wp\/v2\/media?parent=17263"}],"wp:term":[{"taxonomy":"category","embeddable":true,"href":"https:\/\/www.kle-blatt.de\/blog\/wp-json\/wp\/v2\/categories?post=17263"},{"taxonomy":"post_tag","embeddable":true,"href":"https:\/\/www.kle-blatt.de\/blog\/wp-json\/wp\/v2\/tags?post=17263"}],"curies":[{"name":"wp","href":"https:\/\/api.w.org\/{rel}","templated":true}]}}