{"id":17312,"date":"2023-12-11T07:10:24","date_gmt":"2023-12-11T05:10:24","guid":{"rendered":"http:\/\/www.kle-blatt.de\/blog\/?p=17312"},"modified":"2023-11-02T13:09:28","modified_gmt":"2023-11-02T11:09:28","slug":"der-erste-wirkliche-klever-weihnachtsmarkt","status":"publish","type":"post","link":"https:\/\/www.kle-blatt.de\/blog\/kleve-in-foto-video\/der-erste-wirkliche-klever-weihnachtsmarkt.html","title":{"rendered":"Der erste &#8222;wirkliche&#8220; Klever Weihnachtsmarkt"},"content":{"rendered":"<p><strong>Der erste &#8222;wirkliche&#8220; Klever Weihnachtsmarkt<\/strong><\/p>\n<p>Es gab damals noch &#8211; wie man hier sehen kann &#8211; gebrauchte Spielsachen und Kinderbekleidung zu kaufen. Es war im Dezember 1977, als der erste richtige Weihnachtsmarkt in Kleve rund um das Denkmal des Gro\u00dfen Kurf\u00fcrsten am Marstall er\u00f6ffnet wurde. In den Jahren 1975 und 1976 hatte man einige Buden auf dem Fischmarkt verteilt, was man nicht wirklich als Weihnachtsmarkt ansehen konnte. Nachdem immer mehr Klagen dar\u00fcber kamen, das vor allem \u00e4ltere Menschen im k\u00fcnstlichen romantischen Licht des Abends die vielen Stufen \u00fcbersahen und es zu kleineren Unf\u00e4llen kam, musste man irgendwann einen neuen Standort finden. Als es Anfang der Neunziger auf der Goldstra\u00dfe zu gr\u00f6\u00dferen Bauarbeiten kam, zog man also um auf den Kleinen Markt an der Stiftskirche. Das wiederum war den Besuchern auf Dauer viel zu windig, besonders angesichts der zahlreichen Kerzen, die ja eigentlich zu so einem Ereignis dazu geh\u00f6ren. Also kam man auf die Idee, im Angesicht der abends beleuchteten Schwanenburg den Markt auf den Stadthallen-Parkplatz zu errichten. Allerdings erwies sich diese Idee als nicht besonders interessant und so entschied man sich dazu, in den Forstgarten zu ziehen. In diesem Jahr allerdings findet der Weihnachtsmarkt vom 01. bis 10.Dezember rund um den Pastor-Leinung-Platz und Koekkoek-Platz statt.<\/p>\n<p><a href=\"http:\/\/www.kle-blatt.de\/blog\/wp-content\/uploads\/2015\/11\/weihnachtsmarkt-232.jpg\"><img loading=\"lazy\" decoding=\"async\" class=\"size-full wp-image-17313 aligncenter\" src=\"https:\/\/www.kle-blatt.de\/blog\/wp-content\/uploads\/2015\/11\/weihnachtsmarkt-232.jpg\" alt=\"Der erste wirkliche Klever Weihnachtsmarkt\" width=\"850\" height=\"836\" \/><\/a><br \/>\n(Foto: \u201e1977 im Kleverland\u201c \u2013 Gottfried Evers \/ Peter Janssen)<\/p>\n","protected":false},"excerpt":{"rendered":"<p>Der erste &#8222;wirkliche&#8220; Klever Weihnachtsmarkt Es gab damals noch &#8211; wie man hier sehen kann &#8211; gebrauchte Spielsachen und Kinderbekleidung &hellip; <a href=\"https:\/\/www.kle-blatt.de\/blog\/kleve-in-foto-video\/der-erste-wirkliche-klever-weihnachtsmarkt.html\" class=\"more-link\"><span class=\"more-button\">Weiterlesen<span class=\"screen-reader-text\">Der erste &#8222;wirkliche&#8220; Klever Weihnachtsmarkt<\/span><\/span><\/a><\/p>\n","protected":false},"author":2,"featured_media":17313,"comment_status":"closed","ping_status":"closed","sticky":false,"template":"","format":"standard","meta":{"footnotes":""},"categories":[3],"tags":[3607],"class_list":["post-17312","post","type-post","status-publish","format-standard","has-post-thumbnail","hentry","category-kleve-in-foto-video","tag-der-erste-wirkliche-klever-weihnachtsmarkt"],"_links":{"self":[{"href":"https:\/\/www.kle-blatt.de\/blog\/wp-json\/wp\/v2\/posts\/17312","targetHints":{"allow":["GET"]}}],"collection":[{"href":"https:\/\/www.kle-blatt.de\/blog\/wp-json\/wp\/v2\/posts"}],"about":[{"href":"https:\/\/www.kle-blatt.de\/blog\/wp-json\/wp\/v2\/types\/post"}],"author":[{"embeddable":true,"href":"https:\/\/www.kle-blatt.de\/blog\/wp-json\/wp\/v2\/users\/2"}],"replies":[{"embeddable":true,"href":"https:\/\/www.kle-blatt.de\/blog\/wp-json\/wp\/v2\/comments?post=17312"}],"version-history":[{"count":4,"href":"https:\/\/www.kle-blatt.de\/blog\/wp-json\/wp\/v2\/posts\/17312\/revisions"}],"predecessor-version":[{"id":32972,"href":"https:\/\/www.kle-blatt.de\/blog\/wp-json\/wp\/v2\/posts\/17312\/revisions\/32972"}],"wp:featuredmedia":[{"embeddable":true,"href":"https:\/\/www.kle-blatt.de\/blog\/wp-json\/wp\/v2\/media\/17313"}],"wp:attachment":[{"href":"https:\/\/www.kle-blatt.de\/blog\/wp-json\/wp\/v2\/media?parent=17312"}],"wp:term":[{"taxonomy":"category","embeddable":true,"href":"https:\/\/www.kle-blatt.de\/blog\/wp-json\/wp\/v2\/categories?post=17312"},{"taxonomy":"post_tag","embeddable":true,"href":"https:\/\/www.kle-blatt.de\/blog\/wp-json\/wp\/v2\/tags?post=17312"}],"curies":[{"name":"wp","href":"https:\/\/api.w.org\/{rel}","templated":true}]}}