{"id":17325,"date":"2021-12-18T06:20:11","date_gmt":"2021-12-18T04:20:11","guid":{"rendered":"http:\/\/www.kle-blatt.de\/blog\/?p=17325"},"modified":"2021-11-18T14:20:45","modified_gmt":"2021-11-18T12:20:45","slug":"ein-letzter-blick-auf-clever-stolz","status":"publish","type":"post","link":"https:\/\/www.kle-blatt.de\/blog\/kleve-in-foto-video\/aus-dem-privatalbum\/ein-letzter-blick-auf-clever-stolz.html","title":{"rendered":"Eine Erinnerung wert: Ein letzter Blick auf Clever Stolz"},"content":{"rendered":"<p><strong>Eine Erinnerung wert: Ein letzter Blick auf Clever Stolz<\/strong><\/p>\n<p>Aus diesem Bild spricht schon ein wenig Sentimentalit\u00e4t, wenn man das alte Gem\u00e4uer der ehemals stolzen Klever Margarinefabrik mit Wehmut betrachtet. Kurz nach dieser Aufnahme wurde das Geb\u00e4ude im Jahre 2011 abgerissen. Aus Clever Stolz wurde Clever Schutt. Den konnte man ja l\u00e4nger danach in tonnenweiser Ausf\u00fchrung vor Ort &#8222;bewundern&#8220;.<\/p>\n<p><a href=\"http:\/\/www.kle-blatt.de\/blog\/wp-content\/uploads\/2015\/11\/margarinefabrik-2011-clever-stolz-kurz-vor-abriss.jpg\"><img loading=\"lazy\" decoding=\"async\" class=\"size-full wp-image-17326 aligncenter\" src=\"https:\/\/www.kle-blatt.de\/blog\/wp-content\/uploads\/2015\/11\/margarinefabrik-2011-clever-stolz-kurz-vor-abriss.jpg\" alt=\"Eine Erinnerung wert: Ein letzter Blick auf Clever Stolz\" width=\"850\" height=\"532\" \/><\/a><br \/>\n(Foto: Alfred Derks)<\/p>\n","protected":false},"excerpt":{"rendered":"<p>Eine Erinnerung wert: Ein letzter Blick auf Clever Stolz Aus diesem Bild spricht schon ein wenig Sentimentalit\u00e4t, wenn man das &hellip; <a href=\"https:\/\/www.kle-blatt.de\/blog\/kleve-in-foto-video\/aus-dem-privatalbum\/ein-letzter-blick-auf-clever-stolz.html\" class=\"more-link\"><span class=\"more-button\">Weiterlesen<span class=\"screen-reader-text\">Eine Erinnerung wert: Ein letzter Blick auf Clever Stolz<\/span><\/span><\/a><\/p>\n","protected":false},"author":2,"featured_media":17326,"comment_status":"open","ping_status":"closed","sticky":false,"template":"","format":"standard","meta":{"footnotes":""},"categories":[20],"tags":[3611],"class_list":["post-17325","post","type-post","status-publish","format-standard","has-post-thumbnail","hentry","category-aus-dem-privatalbum","tag-ein-letzter-blick-auf-clever-stolz"],"_links":{"self":[{"href":"https:\/\/www.kle-blatt.de\/blog\/wp-json\/wp\/v2\/posts\/17325","targetHints":{"allow":["GET"]}}],"collection":[{"href":"https:\/\/www.kle-blatt.de\/blog\/wp-json\/wp\/v2\/posts"}],"about":[{"href":"https:\/\/www.kle-blatt.de\/blog\/wp-json\/wp\/v2\/types\/post"}],"author":[{"embeddable":true,"href":"https:\/\/www.kle-blatt.de\/blog\/wp-json\/wp\/v2\/users\/2"}],"replies":[{"embeddable":true,"href":"https:\/\/www.kle-blatt.de\/blog\/wp-json\/wp\/v2\/comments?post=17325"}],"version-history":[{"count":2,"href":"https:\/\/www.kle-blatt.de\/blog\/wp-json\/wp\/v2\/posts\/17325\/revisions"}],"predecessor-version":[{"id":29614,"href":"https:\/\/www.kle-blatt.de\/blog\/wp-json\/wp\/v2\/posts\/17325\/revisions\/29614"}],"wp:featuredmedia":[{"embeddable":true,"href":"https:\/\/www.kle-blatt.de\/blog\/wp-json\/wp\/v2\/media\/17326"}],"wp:attachment":[{"href":"https:\/\/www.kle-blatt.de\/blog\/wp-json\/wp\/v2\/media?parent=17325"}],"wp:term":[{"taxonomy":"category","embeddable":true,"href":"https:\/\/www.kle-blatt.de\/blog\/wp-json\/wp\/v2\/categories?post=17325"},{"taxonomy":"post_tag","embeddable":true,"href":"https:\/\/www.kle-blatt.de\/blog\/wp-json\/wp\/v2\/tags?post=17325"}],"curies":[{"name":"wp","href":"https:\/\/api.w.org\/{rel}","templated":true}]}}