{"id":17471,"date":"2024-12-14T07:00:11","date_gmt":"2024-12-14T05:00:11","guid":{"rendered":"http:\/\/www.kle-blatt.de\/blog\/?p=17471"},"modified":"2024-11-04T13:44:59","modified_gmt":"2024-11-04T11:44:59","slug":"abrocken-im-caliente","status":"publish","type":"post","link":"https:\/\/www.kle-blatt.de\/blog\/kleve-in-foto-video\/aus-dem-privatalbum\/abrocken-im-caliente.html","title":{"rendered":"Tolle Erinnerungen: Abrocken im Caliente"},"content":{"rendered":"<p><strong>Tolle Erinnerungen: Abrocken im Caliente<\/strong><\/p>\n<p>Anfang der Neunziger\u00a0beendete man den Klever Disko-Abend naturgem\u00e4\u00df im &#8222;Caliente&#8220;, denn hier ging bis in den fr\u00fchen Morgen die Post ab, wie man eindrucksvoll in diesem kleinen Video sehen kann. Die Qualit\u00e4t des Films kann nat\u00fcrlich mit heutigen M\u00f6glichkeiten nicht mithalten, aber man gewinnt noch einen Eindruck davon, was vor \u00fcber 30 Jahren hier abging. Vielleicht erkennt sich noch jemand und erinnert sich an die sch\u00f6ne Zeit.<\/p>\n<p><iframe loading=\"lazy\" src=\"https:\/\/www.youtube.com\/embed\/Lb-gROOBMS4?rel=0\" width=\"650\" height=\"380\" frameborder=\"0\" allowfullscreen=\"allowfullscreen\"><\/iframe><\/p>\n<p>(Video: Dave Davis)<\/p>\n","protected":false},"excerpt":{"rendered":"<p>Tolle Erinnerungen: Abrocken im Caliente Anfang der Neunziger\u00a0beendete man den Klever Disko-Abend naturgem\u00e4\u00df im &#8222;Caliente&#8220;, denn hier ging bis in &hellip; <a href=\"https:\/\/www.kle-blatt.de\/blog\/kleve-in-foto-video\/aus-dem-privatalbum\/abrocken-im-caliente.html\" class=\"more-link\"><span class=\"more-button\">Weiterlesen<span class=\"screen-reader-text\">Tolle Erinnerungen: Abrocken im Caliente<\/span><\/span><\/a><\/p>\n","protected":false},"author":2,"featured_media":0,"comment_status":"closed","ping_status":"closed","sticky":false,"template":"","format":"standard","meta":{"footnotes":""},"categories":[20,5279],"tags":[3655],"class_list":["post-17471","post","type-post","status-publish","format-standard","hentry","category-aus-dem-privatalbum","category-klever-musik-und-diskoszene","tag-abrocken-im-caliente"],"_links":{"self":[{"href":"https:\/\/www.kle-blatt.de\/blog\/wp-json\/wp\/v2\/posts\/17471","targetHints":{"allow":["GET"]}}],"collection":[{"href":"https:\/\/www.kle-blatt.de\/blog\/wp-json\/wp\/v2\/posts"}],"about":[{"href":"https:\/\/www.kle-blatt.de\/blog\/wp-json\/wp\/v2\/types\/post"}],"author":[{"embeddable":true,"href":"https:\/\/www.kle-blatt.de\/blog\/wp-json\/wp\/v2\/users\/2"}],"replies":[{"embeddable":true,"href":"https:\/\/www.kle-blatt.de\/blog\/wp-json\/wp\/v2\/comments?post=17471"}],"version-history":[{"count":3,"href":"https:\/\/www.kle-blatt.de\/blog\/wp-json\/wp\/v2\/posts\/17471\/revisions"}],"predecessor-version":[{"id":34576,"href":"https:\/\/www.kle-blatt.de\/blog\/wp-json\/wp\/v2\/posts\/17471\/revisions\/34576"}],"wp:attachment":[{"href":"https:\/\/www.kle-blatt.de\/blog\/wp-json\/wp\/v2\/media?parent=17471"}],"wp:term":[{"taxonomy":"category","embeddable":true,"href":"https:\/\/www.kle-blatt.de\/blog\/wp-json\/wp\/v2\/categories?post=17471"},{"taxonomy":"post_tag","embeddable":true,"href":"https:\/\/www.kle-blatt.de\/blog\/wp-json\/wp\/v2\/tags?post=17471"}],"curies":[{"name":"wp","href":"https:\/\/api.w.org\/{rel}","templated":true}]}}