{"id":17606,"date":"2020-01-12T07:10:10","date_gmt":"2020-01-12T05:10:10","guid":{"rendered":"http:\/\/www.kle-blatt.de\/blog\/?p=17606"},"modified":"2019-12-25T12:16:52","modified_gmt":"2019-12-25T10:16:52","slug":"a-walk-in-the-forstgarten","status":"publish","type":"post","link":"https:\/\/www.kle-blatt.de\/blog\/kleve-in-foto-video\/a-walk-in-the-forstgarten.html","title":{"rendered":"Schon lange her: A Walk In The Forstgarten"},"content":{"rendered":"<p><strong>Schon lange her: A Walk In The Forstgarten<\/strong><\/p>\n<p>Seit Jahrhunderten z\u00e4hlt der Spaziergang durch den Forstgarten zu den beliebten Freizeitbesch\u00e4ftigungen der Kleverinnen und Klever. Auf diesem \u00e4lteren Bild k\u00f6nnen wir im Hintergrund sogar noch das Hotel Stirum entdecken.<\/p>\n<p><a href=\"http:\/\/www.kle-blatt.de\/blog\/wp-content\/uploads\/2015\/11\/forstgarten.jpg\"><img loading=\"lazy\" decoding=\"async\" class=\"alignleft size-full wp-image-17607\" src=\"http:\/\/www.kle-blatt.de\/blog\/wp-content\/uploads\/2015\/11\/forstgarten.jpg\" alt=\"Schon lange her: A Walk In The Forstgarten\" width=\"850\" height=\"554\" \/><\/a><br \/>\n(Foto: Ewald Steiger &#8211; \u00a9 Kreisarchiv Kleve &#8211; KA Kle F6, Kleve LXXVII 13)<\/p>\n","protected":false},"excerpt":{"rendered":"<p>Schon lange her: A Walk In The Forstgarten Seit Jahrhunderten z\u00e4hlt der Spaziergang durch den Forstgarten zu den beliebten Freizeitbesch\u00e4ftigungen &hellip; <a href=\"https:\/\/www.kle-blatt.de\/blog\/kleve-in-foto-video\/a-walk-in-the-forstgarten.html\" class=\"more-link\"><span class=\"more-button\">Weiterlesen<span class=\"screen-reader-text\">Schon lange her: A Walk In The Forstgarten<\/span><\/span><\/a><\/p>\n","protected":false},"author":2,"featured_media":0,"comment_status":"open","ping_status":"closed","sticky":false,"template":"","format":"standard","meta":{"footnotes":""},"categories":[3],"tags":[3668],"class_list":["post-17606","post","type-post","status-publish","format-standard","hentry","category-kleve-in-foto-video","tag-a-walk-in-the-forstgarten"],"_links":{"self":[{"href":"https:\/\/www.kle-blatt.de\/blog\/wp-json\/wp\/v2\/posts\/17606","targetHints":{"allow":["GET"]}}],"collection":[{"href":"https:\/\/www.kle-blatt.de\/blog\/wp-json\/wp\/v2\/posts"}],"about":[{"href":"https:\/\/www.kle-blatt.de\/blog\/wp-json\/wp\/v2\/types\/post"}],"author":[{"embeddable":true,"href":"https:\/\/www.kle-blatt.de\/blog\/wp-json\/wp\/v2\/users\/2"}],"replies":[{"embeddable":true,"href":"https:\/\/www.kle-blatt.de\/blog\/wp-json\/wp\/v2\/comments?post=17606"}],"version-history":[{"count":0,"href":"https:\/\/www.kle-blatt.de\/blog\/wp-json\/wp\/v2\/posts\/17606\/revisions"}],"wp:attachment":[{"href":"https:\/\/www.kle-blatt.de\/blog\/wp-json\/wp\/v2\/media?parent=17606"}],"wp:term":[{"taxonomy":"category","embeddable":true,"href":"https:\/\/www.kle-blatt.de\/blog\/wp-json\/wp\/v2\/categories?post=17606"},{"taxonomy":"post_tag","embeddable":true,"href":"https:\/\/www.kle-blatt.de\/blog\/wp-json\/wp\/v2\/tags?post=17606"}],"curies":[{"name":"wp","href":"https:\/\/api.w.org\/{rel}","templated":true}]}}