{"id":17687,"date":"2026-01-26T07:10:49","date_gmt":"2026-01-26T05:10:49","guid":{"rendered":"http:\/\/www.kle-blatt.de\/blog\/?p=17687"},"modified":"2025-12-03T14:32:50","modified_gmt":"2025-12-03T12:32:50","slug":"der-draisinen-vorgaenger-an-der-wasserburg-allee","status":"publish","type":"post","link":"https:\/\/www.kle-blatt.de\/blog\/kleve-in-foto-video\/aus-dem-privatalbum\/der-draisinen-vorgaenger-an-der-wasserburg-allee.html","title":{"rendered":"Noch Erinnerung daran? Der Draisinen-Vorg\u00e4nger an der Wasserburg-Allee"},"content":{"rendered":"<p><strong>Noch Erinnerung daran? Der Draisinen-Vorg\u00e4nger an der Wasserburg-Allee<\/strong><\/p>\n<p>Im Jahre 1990 sieht man hier noch einen Zug die Wasserburg-Allee \u00fcberqueren. Auf dem gleichen Schienennetz bewegt sich aktuell die Grenzland-Draisine, nur das es das Schrankenw\u00e4rter-H\u00e4usschen nicht mehr gibt und auch die Schranken nicht mehr.<\/p>\n<p><a href=\"http:\/\/www.kle-blatt.de\/blog\/wp-content\/uploads\/2015\/12\/wasserburg-allee-1990-1.jpg\"><img loading=\"lazy\" decoding=\"async\" class=\"size-full wp-image-17688 aligncenter\" src=\"https:\/\/www.kle-blatt.de\/blog\/wp-content\/uploads\/2015\/12\/wasserburg-allee-1990-1.jpg\" alt=\"Noch Erinnerung daran? Der Draisinen-Vorg\u00e4nger an der Wasserburg-Allee\" width=\"850\" height=\"520\" \/><\/a><\/p>\n","protected":false},"excerpt":{"rendered":"<p>Noch Erinnerung daran? Der Draisinen-Vorg\u00e4nger an der Wasserburg-Allee Im Jahre 1990 sieht man hier noch einen Zug die Wasserburg-Allee \u00fcberqueren. &hellip; <a href=\"https:\/\/www.kle-blatt.de\/blog\/kleve-in-foto-video\/aus-dem-privatalbum\/der-draisinen-vorgaenger-an-der-wasserburg-allee.html\" class=\"more-link\"><span class=\"more-button\">Weiterlesen<span class=\"screen-reader-text\">Noch Erinnerung daran? Der Draisinen-Vorg\u00e4nger an der Wasserburg-Allee<\/span><\/span><\/a><\/p>\n","protected":false},"author":2,"featured_media":17688,"comment_status":"closed","ping_status":"closed","sticky":false,"template":"","format":"standard","meta":{"footnotes":""},"categories":[20],"tags":[3691],"class_list":["post-17687","post","type-post","status-publish","format-standard","has-post-thumbnail","hentry","category-aus-dem-privatalbum","tag-der-draisinen-vorgaenger-an-der-wasserburg-allee"],"_links":{"self":[{"href":"https:\/\/www.kle-blatt.de\/blog\/wp-json\/wp\/v2\/posts\/17687","targetHints":{"allow":["GET"]}}],"collection":[{"href":"https:\/\/www.kle-blatt.de\/blog\/wp-json\/wp\/v2\/posts"}],"about":[{"href":"https:\/\/www.kle-blatt.de\/blog\/wp-json\/wp\/v2\/types\/post"}],"author":[{"embeddable":true,"href":"https:\/\/www.kle-blatt.de\/blog\/wp-json\/wp\/v2\/users\/2"}],"replies":[{"embeddable":true,"href":"https:\/\/www.kle-blatt.de\/blog\/wp-json\/wp\/v2\/comments?post=17687"}],"version-history":[{"count":1,"href":"https:\/\/www.kle-blatt.de\/blog\/wp-json\/wp\/v2\/posts\/17687\/revisions"}],"predecessor-version":[{"id":36286,"href":"https:\/\/www.kle-blatt.de\/blog\/wp-json\/wp\/v2\/posts\/17687\/revisions\/36286"}],"wp:featuredmedia":[{"embeddable":true,"href":"https:\/\/www.kle-blatt.de\/blog\/wp-json\/wp\/v2\/media\/17688"}],"wp:attachment":[{"href":"https:\/\/www.kle-blatt.de\/blog\/wp-json\/wp\/v2\/media?parent=17687"}],"wp:term":[{"taxonomy":"category","embeddable":true,"href":"https:\/\/www.kle-blatt.de\/blog\/wp-json\/wp\/v2\/categories?post=17687"},{"taxonomy":"post_tag","embeddable":true,"href":"https:\/\/www.kle-blatt.de\/blog\/wp-json\/wp\/v2\/tags?post=17687"}],"curies":[{"name":"wp","href":"https:\/\/api.w.org\/{rel}","templated":true}]}}