{"id":17693,"date":"2026-02-14T07:10:04","date_gmt":"2026-02-14T05:10:04","guid":{"rendered":"http:\/\/www.kle-blatt.de\/blog\/?p=17693"},"modified":"2025-12-25T12:46:21","modified_gmt":"2025-12-25T10:46:21","slug":"rathaussturm-der-klever-prinzengarde","status":"publish","type":"post","link":"https:\/\/www.kle-blatt.de\/blog\/kleve-in-foto-video\/aus-dem-privatalbum\/rathaussturm-der-klever-prinzengarde.html","title":{"rendered":"Warst Du auch dabei? Rathaussturm der Klever Prinzengarde 1986"},"content":{"rendered":"<p><strong>Warst Du auch dabei? Rathaussturm der Klever Prinzengarde 1986<\/strong><\/p>\n<p>Heute erleben wir wieder den traditionellen Rathaussturm. Es ist der 14.02.2026. Das ist ein wahrhaft liebenswertes Datum.<br \/>\nPrinz und Garde werden sich vom B\u00fcrgermeister den Schl\u00fcssel zur Stadt sichern um die Herrschaft f\u00fcr die &#8222;tollen Tage&#8220; zu \u00fcbernehmen.<br \/>\nIm Jahre 1986 sah der Kampf um den Schl\u00fcssel so aus:<\/p>\n<p><a href=\"http:\/\/www.kle-blatt.de\/blog\/wp-content\/uploads\/2015\/12\/rathaussturm-1.jpg\"><img loading=\"lazy\" decoding=\"async\" class=\"size-full wp-image-17694 aligncenter\" src=\"http:\/\/www.kle-blatt.de\/blog\/wp-content\/uploads\/2015\/12\/rathaussturm-1.jpg\" alt=\"Warst Du auch dabei? Rathaussturm der Klever Prinzengarde 1986\" width=\"850\" height=\"1150\" \/><\/a><br \/>\n(Foto: KLE-Blatt)<\/p>\n","protected":false},"excerpt":{"rendered":"<p>Warst Du auch dabei? Rathaussturm der Klever Prinzengarde 1986 Heute erleben wir wieder den traditionellen Rathaussturm. Es ist der 14.02.2026. &hellip; <a href=\"https:\/\/www.kle-blatt.de\/blog\/kleve-in-foto-video\/aus-dem-privatalbum\/rathaussturm-der-klever-prinzengarde.html\" class=\"more-link\"><span class=\"more-button\">Weiterlesen<span class=\"screen-reader-text\">Warst Du auch dabei? Rathaussturm der Klever Prinzengarde 1986<\/span><\/span><\/a><\/p>\n","protected":false},"author":2,"featured_media":17694,"comment_status":"closed","ping_status":"closed","sticky":false,"template":"","format":"standard","meta":{"footnotes":""},"categories":[20],"tags":[3693,5271],"class_list":["post-17693","post","type-post","status-publish","format-standard","has-post-thumbnail","hentry","category-aus-dem-privatalbum","tag-rathaussturm-der-klever-prinzengarde","tag-warst-du-auch-dabei-rathaussturm-der-klever-prinzengarde-1986"],"_links":{"self":[{"href":"https:\/\/www.kle-blatt.de\/blog\/wp-json\/wp\/v2\/posts\/17693","targetHints":{"allow":["GET"]}}],"collection":[{"href":"https:\/\/www.kle-blatt.de\/blog\/wp-json\/wp\/v2\/posts"}],"about":[{"href":"https:\/\/www.kle-blatt.de\/blog\/wp-json\/wp\/v2\/types\/post"}],"author":[{"embeddable":true,"href":"https:\/\/www.kle-blatt.de\/blog\/wp-json\/wp\/v2\/users\/2"}],"replies":[{"embeddable":true,"href":"https:\/\/www.kle-blatt.de\/blog\/wp-json\/wp\/v2\/comments?post=17693"}],"version-history":[{"count":2,"href":"https:\/\/www.kle-blatt.de\/blog\/wp-json\/wp\/v2\/posts\/17693\/revisions"}],"predecessor-version":[{"id":36410,"href":"https:\/\/www.kle-blatt.de\/blog\/wp-json\/wp\/v2\/posts\/17693\/revisions\/36410"}],"wp:featuredmedia":[{"embeddable":true,"href":"https:\/\/www.kle-blatt.de\/blog\/wp-json\/wp\/v2\/media\/17694"}],"wp:attachment":[{"href":"https:\/\/www.kle-blatt.de\/blog\/wp-json\/wp\/v2\/media?parent=17693"}],"wp:term":[{"taxonomy":"category","embeddable":true,"href":"https:\/\/www.kle-blatt.de\/blog\/wp-json\/wp\/v2\/categories?post=17693"},{"taxonomy":"post_tag","embeddable":true,"href":"https:\/\/www.kle-blatt.de\/blog\/wp-json\/wp\/v2\/tags?post=17693"}],"curies":[{"name":"wp","href":"https:\/\/api.w.org\/{rel}","templated":true}]}}