{"id":17756,"date":"2026-01-22T07:10:43","date_gmt":"2026-01-22T05:10:43","guid":{"rendered":"http:\/\/www.kle-blatt.de\/blog\/?p=17756"},"modified":"2025-12-03T14:09:25","modified_gmt":"2025-12-03T12:09:25","slug":"weyl-das-kaufhaus-an-der-grossen-strasse-in-kleve","status":"publish","type":"post","link":"https:\/\/www.kle-blatt.de\/blog\/kleve-in-foto-video\/weyl-das-kaufhaus-an-der-grossen-strasse-in-kleve.html","title":{"rendered":"Kaufhof-Vorg\u00e4nger: Weyl &#8211; das Kaufhaus an der Gro\u00dfen Stra\u00dfe in Kleve"},"content":{"rendered":"<p><strong>Kaufhof-Vorg\u00e4nger: Weyl &#8211; das Kaufhaus an der Gro\u00dfen Stra\u00dfe in Kleve<\/strong><\/p>\n<p>Ein gro\u00dfartiges historisches koloriertes Foto aus fr\u00fcheren Jahren zeigt hier das Kaufhaus Weyl an der Gro\u00dfen Stra\u00dfe. Bei Weyl handelt es sich um den Vorg\u00e4nger des Kaufhauses Tietz, woraus sp\u00e4ter dann der Kaufhof entstand. Hier sehen wir auch die f\u00fcr damals typischen rot-wei\u00df gestreiften Markisen, mit denen sehr viele Gesch\u00e4fte in Kleve best\u00fcckt waren.<\/p>\n<p><a href=\"http:\/\/www.kle-blatt.de\/blog\/wp-content\/uploads\/2016\/01\/gro\u00dfe-kaufhaus-wey-1l.jpg\"><img loading=\"lazy\" decoding=\"async\" class=\"size-full wp-image-17757 aligncenter\" src=\"https:\/\/www.kle-blatt.de\/blog\/wp-content\/uploads\/2016\/01\/gro\u00dfe-kaufhaus-wey-1l.jpg\" alt=\"Kaufhof-Vorg\u00e4nger: Weyl - das Kaufhaus an der Gro\u00dfen Stra\u00dfe in Kleve\" width=\"850\" height=\"525\" \/><\/a><\/p>\n","protected":false},"excerpt":{"rendered":"<p>Kaufhof-Vorg\u00e4nger: Weyl &#8211; das Kaufhaus an der Gro\u00dfen Stra\u00dfe in Kleve Ein gro\u00dfartiges historisches koloriertes Foto aus fr\u00fcheren Jahren zeigt &hellip; <a href=\"https:\/\/www.kle-blatt.de\/blog\/kleve-in-foto-video\/weyl-das-kaufhaus-an-der-grossen-strasse-in-kleve.html\" class=\"more-link\"><span class=\"more-button\">Weiterlesen<span class=\"screen-reader-text\">Kaufhof-Vorg\u00e4nger: Weyl &#8211; das Kaufhaus an der Gro\u00dfen Stra\u00dfe in Kleve<\/span><\/span><\/a><\/p>\n","protected":false},"author":2,"featured_media":17757,"comment_status":"closed","ping_status":"closed","sticky":false,"template":"","format":"standard","meta":{"footnotes":""},"categories":[3],"tags":[5252],"class_list":["post-17756","post","type-post","status-publish","format-standard","has-post-thumbnail","hentry","category-kleve-in-foto-video","tag-kaufhof-vorgaenger-weyl-das-kaufhaus-an-der-grossen-strasse-in-kleve"],"_links":{"self":[{"href":"https:\/\/www.kle-blatt.de\/blog\/wp-json\/wp\/v2\/posts\/17756","targetHints":{"allow":["GET"]}}],"collection":[{"href":"https:\/\/www.kle-blatt.de\/blog\/wp-json\/wp\/v2\/posts"}],"about":[{"href":"https:\/\/www.kle-blatt.de\/blog\/wp-json\/wp\/v2\/types\/post"}],"author":[{"embeddable":true,"href":"https:\/\/www.kle-blatt.de\/blog\/wp-json\/wp\/v2\/users\/2"}],"replies":[{"embeddable":true,"href":"https:\/\/www.kle-blatt.de\/blog\/wp-json\/wp\/v2\/comments?post=17756"}],"version-history":[{"count":2,"href":"https:\/\/www.kle-blatt.de\/blog\/wp-json\/wp\/v2\/posts\/17756\/revisions"}],"predecessor-version":[{"id":36269,"href":"https:\/\/www.kle-blatt.de\/blog\/wp-json\/wp\/v2\/posts\/17756\/revisions\/36269"}],"wp:featuredmedia":[{"embeddable":true,"href":"https:\/\/www.kle-blatt.de\/blog\/wp-json\/wp\/v2\/media\/17757"}],"wp:attachment":[{"href":"https:\/\/www.kle-blatt.de\/blog\/wp-json\/wp\/v2\/media?parent=17756"}],"wp:term":[{"taxonomy":"category","embeddable":true,"href":"https:\/\/www.kle-blatt.de\/blog\/wp-json\/wp\/v2\/categories?post=17756"},{"taxonomy":"post_tag","embeddable":true,"href":"https:\/\/www.kle-blatt.de\/blog\/wp-json\/wp\/v2\/tags?post=17756"}],"curies":[{"name":"wp","href":"https:\/\/api.w.org\/{rel}","templated":true}]}}