{"id":17769,"date":"2026-01-23T07:10:44","date_gmt":"2026-01-23T05:10:44","guid":{"rendered":"http:\/\/www.kle-blatt.de\/blog\/?p=17769"},"modified":"2025-12-03T14:37:03","modified_gmt":"2025-12-03T12:37:03","slug":"besuch-beim-klever-kohlenhaendler","status":"publish","type":"post","link":"https:\/\/www.kle-blatt.de\/blog\/kleve-in-foto-video\/besuch-beim-klever-kohlenhaendler.html","title":{"rendered":"Ein Besuch beim Klever Kohlenh\u00e4ndler"},"content":{"rendered":"<p><strong>Ein Besuch beim Klever Kohlenh\u00e4ndler<\/strong><\/p>\n<p>Interessiert schaut das kleine M\u00e4dchen dem Kohlenh\u00e4ndler bei seiner Arbeit zu. Zu dieser Zeit, als das Foto entstand,\u00a0waren Kohlen das wichtigste Heiz-Mittel, um einigerma\u00dfen warm durch die damals noch kalten Winter zu kommen. Bemerkenswert auch die damalige Kinder-Mode. Das Kleidchen spricht f\u00fcr sich aber wesentlich interessanter ist wohl die Erkenntnis: Es gab schon Leggins! \ud83d\ude42<\/p>\n<p><a href=\"http:\/\/www.kle-blatt.de\/blog\/wp-content\/uploads\/2016\/01\/kohlenh\u00e4ndler-kleve.jpg\"><img loading=\"lazy\" decoding=\"async\" class=\"size-full wp-image-17770 aligncenter\" src=\"https:\/\/www.kle-blatt.de\/blog\/wp-content\/uploads\/2016\/01\/kohlenh\u00e4ndler-kleve.jpg\" alt=\"Ein Besuch beim Klever Kohlenh\u00e4ndler\" width=\"849\" height=\"535\" \/><\/a><br \/>\n(Foto eingereicht von Peter Nengel)<\/p>\n","protected":false},"excerpt":{"rendered":"<p>Ein Besuch beim Klever Kohlenh\u00e4ndler Interessiert schaut das kleine M\u00e4dchen dem Kohlenh\u00e4ndler bei seiner Arbeit zu. Zu dieser Zeit, als &hellip; <a href=\"https:\/\/www.kle-blatt.de\/blog\/kleve-in-foto-video\/besuch-beim-klever-kohlenhaendler.html\" class=\"more-link\"><span class=\"more-button\">Weiterlesen<span class=\"screen-reader-text\">Ein Besuch beim Klever Kohlenh\u00e4ndler<\/span><\/span><\/a><\/p>\n","protected":false},"author":2,"featured_media":17770,"comment_status":"closed","ping_status":"closed","sticky":false,"template":"","format":"standard","meta":{"footnotes":""},"categories":[3],"tags":[3711],"class_list":["post-17769","post","type-post","status-publish","format-standard","has-post-thumbnail","hentry","category-kleve-in-foto-video","tag-besuch-beim-klever-kohlenhaendler"],"_links":{"self":[{"href":"https:\/\/www.kle-blatt.de\/blog\/wp-json\/wp\/v2\/posts\/17769","targetHints":{"allow":["GET"]}}],"collection":[{"href":"https:\/\/www.kle-blatt.de\/blog\/wp-json\/wp\/v2\/posts"}],"about":[{"href":"https:\/\/www.kle-blatt.de\/blog\/wp-json\/wp\/v2\/types\/post"}],"author":[{"embeddable":true,"href":"https:\/\/www.kle-blatt.de\/blog\/wp-json\/wp\/v2\/users\/2"}],"replies":[{"embeddable":true,"href":"https:\/\/www.kle-blatt.de\/blog\/wp-json\/wp\/v2\/comments?post=17769"}],"version-history":[{"count":1,"href":"https:\/\/www.kle-blatt.de\/blog\/wp-json\/wp\/v2\/posts\/17769\/revisions"}],"predecessor-version":[{"id":36290,"href":"https:\/\/www.kle-blatt.de\/blog\/wp-json\/wp\/v2\/posts\/17769\/revisions\/36290"}],"wp:featuredmedia":[{"embeddable":true,"href":"https:\/\/www.kle-blatt.de\/blog\/wp-json\/wp\/v2\/media\/17770"}],"wp:attachment":[{"href":"https:\/\/www.kle-blatt.de\/blog\/wp-json\/wp\/v2\/media?parent=17769"}],"wp:term":[{"taxonomy":"category","embeddable":true,"href":"https:\/\/www.kle-blatt.de\/blog\/wp-json\/wp\/v2\/categories?post=17769"},{"taxonomy":"post_tag","embeddable":true,"href":"https:\/\/www.kle-blatt.de\/blog\/wp-json\/wp\/v2\/tags?post=17769"}],"curies":[{"name":"wp","href":"https:\/\/api.w.org\/{rel}","templated":true}]}}