{"id":17794,"date":"2026-01-27T07:10:43","date_gmt":"2026-01-27T05:10:43","guid":{"rendered":"http:\/\/www.kle-blatt.de\/blog\/?p=17794"},"modified":"2025-12-03T14:23:18","modified_gmt":"2025-12-03T12:23:18","slug":"ein-winterpelz-aus-den-siebzigern","status":"publish","type":"post","link":"https:\/\/www.kle-blatt.de\/blog\/kleve-in-foto-video\/aus-dem-privatalbum\/ein-winterpelz-aus-den-siebzigern.html","title":{"rendered":"Hattest Du auch einen Winterpelz in den Siebzigern?"},"content":{"rendered":"<p><strong>Hattest Du auch einen Winterpelz in den Siebzigern?<\/strong><\/p>\n<p>So, wie diese Dame tr\u00e4umerisch den Wintertag genie\u00dft, k\u00f6nnte das auch heute aussehen. Hose\u00a0und Mantel, sowie die extravagante Sonnenbrille w\u00e4ren auch aktuell\u00a0eventuell in Mode. Selbst mit der Bubi-Kopf-Frisur k\u00e4me sie heute noch durch. Allerdings entstand dieses Foto in einem Garten in Kellen bereits in den Siebzigern. Demnach hat sich soviel nun auch wieder nicht ver\u00e4ndert. Oder doch? \ud83d\ude09<\/p>\n<p><a href=\"http:\/\/www.kle-blatt.de\/blog\/wp-content\/uploads\/2016\/01\/mode-70er-susi-1-klein1.jpg\"><img loading=\"lazy\" decoding=\"async\" class=\"size-full wp-image-17797 aligncenter\" src=\"https:\/\/www.kle-blatt.de\/blog\/wp-content\/uploads\/2016\/01\/mode-70er-susi-1-klein1.jpg\" alt=\"Hattest Du auch einen Winterpelz in den Siebzigern?\" width=\"850\" height=\"895\" \/><\/a><br \/>\n(Foto: KLE-Blatt)<\/p>\n","protected":false},"excerpt":{"rendered":"<p>Hattest Du auch einen Winterpelz in den Siebzigern? So, wie diese Dame tr\u00e4umerisch den Wintertag genie\u00dft, k\u00f6nnte das auch heute &hellip; <a href=\"https:\/\/www.kle-blatt.de\/blog\/kleve-in-foto-video\/aus-dem-privatalbum\/ein-winterpelz-aus-den-siebzigern.html\" class=\"more-link\"><span class=\"more-button\">Weiterlesen<span class=\"screen-reader-text\">Hattest Du auch einen Winterpelz in den Siebzigern?<\/span><\/span><\/a><\/p>\n","protected":false},"author":2,"featured_media":17797,"comment_status":"closed","ping_status":"closed","sticky":false,"template":"","format":"standard","meta":{"footnotes":""},"categories":[20],"tags":[3719],"class_list":["post-17794","post","type-post","status-publish","format-standard","has-post-thumbnail","hentry","category-aus-dem-privatalbum","tag-ein-winterpelz-aus-den-siebzigern"],"_links":{"self":[{"href":"https:\/\/www.kle-blatt.de\/blog\/wp-json\/wp\/v2\/posts\/17794","targetHints":{"allow":["GET"]}}],"collection":[{"href":"https:\/\/www.kle-blatt.de\/blog\/wp-json\/wp\/v2\/posts"}],"about":[{"href":"https:\/\/www.kle-blatt.de\/blog\/wp-json\/wp\/v2\/types\/post"}],"author":[{"embeddable":true,"href":"https:\/\/www.kle-blatt.de\/blog\/wp-json\/wp\/v2\/users\/2"}],"replies":[{"embeddable":true,"href":"https:\/\/www.kle-blatt.de\/blog\/wp-json\/wp\/v2\/comments?post=17794"}],"version-history":[{"count":2,"href":"https:\/\/www.kle-blatt.de\/blog\/wp-json\/wp\/v2\/posts\/17794\/revisions"}],"predecessor-version":[{"id":36279,"href":"https:\/\/www.kle-blatt.de\/blog\/wp-json\/wp\/v2\/posts\/17794\/revisions\/36279"}],"wp:featuredmedia":[{"embeddable":true,"href":"https:\/\/www.kle-blatt.de\/blog\/wp-json\/wp\/v2\/media\/17797"}],"wp:attachment":[{"href":"https:\/\/www.kle-blatt.de\/blog\/wp-json\/wp\/v2\/media?parent=17794"}],"wp:term":[{"taxonomy":"category","embeddable":true,"href":"https:\/\/www.kle-blatt.de\/blog\/wp-json\/wp\/v2\/categories?post=17794"},{"taxonomy":"post_tag","embeddable":true,"href":"https:\/\/www.kle-blatt.de\/blog\/wp-json\/wp\/v2\/tags?post=17794"}],"curies":[{"name":"wp","href":"https:\/\/api.w.org\/{rel}","templated":true}]}}