{"id":17807,"date":"2026-01-30T07:10:25","date_gmt":"2026-01-30T05:10:25","guid":{"rendered":"http:\/\/www.kle-blatt.de\/blog\/?p=17807"},"modified":"2025-12-03T14:35:54","modified_gmt":"2025-12-03T12:35:54","slug":"moellenhoff-an-der-grossen-strasse","status":"publish","type":"post","link":"https:\/\/www.kle-blatt.de\/blog\/kleve-in-foto-video\/moellenhoff-an-der-grossen-strasse.html","title":{"rendered":"Hast Du auch bei M\u00f6llenhoff an der Gro\u00dfen Stra\u00dfe eingekauft?"},"content":{"rendered":"<p><strong>Hast Du auch bei M\u00f6llenhoff an der Gro\u00dfen Stra\u00dfe eingekauft?<\/strong><\/p>\n<p>Im Jahre 1977 sah die Gro\u00dfe Stra\u00dfe von einem Balkon aus fotografiert so aus. Rechts das Bekleidungshaus M\u00f6llenhoff und im Verlaufe dahinter der Kaufhof. Wie man sehen kann, viel Verkehr und f\u00fcr die Fu\u00dfg\u00e4nger nicht ein einziger Zebrastreifen zu entdecken. Der befand sich unterhalb des Bildes. \ud83d\ude42<\/p>\n<p><a href=\"http:\/\/www.kle-blatt.de\/blog\/wp-content\/uploads\/2016\/01\/fu\u00dfg\u00e4ngerzone-38.jpg\"><img loading=\"lazy\" decoding=\"async\" class=\"size-full wp-image-17808 aligncenter\" src=\"https:\/\/www.kle-blatt.de\/blog\/wp-content\/uploads\/2016\/01\/fu\u00dfg\u00e4ngerzone-38.jpg\" alt=\"Hast Du auch bei M\u00f6llenhoff an der Gro\u00dfen Stra\u00dfe eingekauft?\" width=\"850\" height=\"608\" \/><\/a><br \/>\n(Foto: &#8222;1977 im Kleverland&#8220; &#8211; G.Evers \/ P. Janssen)<\/p>\n","protected":false},"excerpt":{"rendered":"<p>Hast Du auch bei M\u00f6llenhoff an der Gro\u00dfen Stra\u00dfe eingekauft? Im Jahre 1977 sah die Gro\u00dfe Stra\u00dfe von einem Balkon &hellip; <a href=\"https:\/\/www.kle-blatt.de\/blog\/kleve-in-foto-video\/moellenhoff-an-der-grossen-strasse.html\" class=\"more-link\"><span class=\"more-button\">Weiterlesen<span class=\"screen-reader-text\">Hast Du auch bei M\u00f6llenhoff an der Gro\u00dfen Stra\u00dfe eingekauft?<\/span><\/span><\/a><\/p>\n","protected":false},"author":2,"featured_media":17808,"comment_status":"closed","ping_status":"closed","sticky":false,"template":"","format":"standard","meta":{"footnotes":""},"categories":[3],"tags":[3723],"class_list":["post-17807","post","type-post","status-publish","format-standard","has-post-thumbnail","hentry","category-kleve-in-foto-video","tag-moellenhoff-an-der-grossen-strasse"],"_links":{"self":[{"href":"https:\/\/www.kle-blatt.de\/blog\/wp-json\/wp\/v2\/posts\/17807","targetHints":{"allow":["GET"]}}],"collection":[{"href":"https:\/\/www.kle-blatt.de\/blog\/wp-json\/wp\/v2\/posts"}],"about":[{"href":"https:\/\/www.kle-blatt.de\/blog\/wp-json\/wp\/v2\/types\/post"}],"author":[{"embeddable":true,"href":"https:\/\/www.kle-blatt.de\/blog\/wp-json\/wp\/v2\/users\/2"}],"replies":[{"embeddable":true,"href":"https:\/\/www.kle-blatt.de\/blog\/wp-json\/wp\/v2\/comments?post=17807"}],"version-history":[{"count":1,"href":"https:\/\/www.kle-blatt.de\/blog\/wp-json\/wp\/v2\/posts\/17807\/revisions"}],"predecessor-version":[{"id":36289,"href":"https:\/\/www.kle-blatt.de\/blog\/wp-json\/wp\/v2\/posts\/17807\/revisions\/36289"}],"wp:featuredmedia":[{"embeddable":true,"href":"https:\/\/www.kle-blatt.de\/blog\/wp-json\/wp\/v2\/media\/17808"}],"wp:attachment":[{"href":"https:\/\/www.kle-blatt.de\/blog\/wp-json\/wp\/v2\/media?parent=17807"}],"wp:term":[{"taxonomy":"category","embeddable":true,"href":"https:\/\/www.kle-blatt.de\/blog\/wp-json\/wp\/v2\/categories?post=17807"},{"taxonomy":"post_tag","embeddable":true,"href":"https:\/\/www.kle-blatt.de\/blog\/wp-json\/wp\/v2\/tags?post=17807"}],"curies":[{"name":"wp","href":"https:\/\/api.w.org\/{rel}","templated":true}]}}