{"id":17922,"date":"2024-02-27T07:00:26","date_gmt":"2024-02-27T05:00:26","guid":{"rendered":"http:\/\/www.kle-blatt.de\/blog\/?p=17922"},"modified":"2024-01-04T12:39:06","modified_gmt":"2024-01-04T10:39:06","slug":"wettkampf-der-klever-friseurinnen","status":"publish","type":"post","link":"https:\/\/www.kle-blatt.de\/blog\/kleve-in-foto-video\/wettkampf-der-klever-friseurinnen.html","title":{"rendered":"Teilgenommen? Wettkampf der Klever Friseurinnen"},"content":{"rendered":"<p><strong>Teilgenommen? Wettkampf der Klever Friseurinnen<\/strong><\/p>\n<p>Es war in den F\u00fcnfzigern, als es in Kleve zu einem Wettbewerb der lokalen Friseurinnen kam, wie wir hier wundersch\u00f6n sehen k\u00f6nnen. Die Frisuren sprechen f\u00fcr sich. So war halt damals die Haar-Mode. Kurz und viele L\u00f6ckchen, meistens Dauer- oder Wasserwellen. \ud83d\ude42<\/p>\n<p><a href=\"http:\/\/www.kle-blatt.de\/blog\/wp-content\/uploads\/2016\/01\/friseur-wettbewerb.jpg\"><img loading=\"lazy\" decoding=\"async\" class=\"size-full wp-image-17923 aligncenter\" src=\"https:\/\/www.kle-blatt.de\/blog\/wp-content\/uploads\/2016\/01\/friseur-wettbewerb.jpg\" alt=\"Teilgenommen? Wettkampf der Klever Friseurinnen\" width=\"849\" height=\"546\" \/><\/a><br \/>\n(Foto: \u00a9 Kreisarchiv Kleve &#8211; Carl Weinrother &#8211; KA Kle F8, 81f)<\/p>\n","protected":false},"excerpt":{"rendered":"<p>Teilgenommen? Wettkampf der Klever Friseurinnen Es war in den F\u00fcnfzigern, als es in Kleve zu einem Wettbewerb der lokalen Friseurinnen &hellip; <a href=\"https:\/\/www.kle-blatt.de\/blog\/kleve-in-foto-video\/wettkampf-der-klever-friseurinnen.html\" class=\"more-link\"><span class=\"more-button\">Weiterlesen<span class=\"screen-reader-text\">Teilgenommen? Wettkampf der Klever Friseurinnen<\/span><\/span><\/a><\/p>\n","protected":false},"author":2,"featured_media":17923,"comment_status":"closed","ping_status":"closed","sticky":false,"template":"","format":"standard","meta":{"footnotes":""},"categories":[3],"tags":[3742],"class_list":["post-17922","post","type-post","status-publish","format-standard","has-post-thumbnail","hentry","category-kleve-in-foto-video","tag-wettkampf-der-klever-friseurinnen"],"_links":{"self":[{"href":"https:\/\/www.kle-blatt.de\/blog\/wp-json\/wp\/v2\/posts\/17922","targetHints":{"allow":["GET"]}}],"collection":[{"href":"https:\/\/www.kle-blatt.de\/blog\/wp-json\/wp\/v2\/posts"}],"about":[{"href":"https:\/\/www.kle-blatt.de\/blog\/wp-json\/wp\/v2\/types\/post"}],"author":[{"embeddable":true,"href":"https:\/\/www.kle-blatt.de\/blog\/wp-json\/wp\/v2\/users\/2"}],"replies":[{"embeddable":true,"href":"https:\/\/www.kle-blatt.de\/blog\/wp-json\/wp\/v2\/comments?post=17922"}],"version-history":[{"count":2,"href":"https:\/\/www.kle-blatt.de\/blog\/wp-json\/wp\/v2\/posts\/17922\/revisions"}],"predecessor-version":[{"id":33242,"href":"https:\/\/www.kle-blatt.de\/blog\/wp-json\/wp\/v2\/posts\/17922\/revisions\/33242"}],"wp:featuredmedia":[{"embeddable":true,"href":"https:\/\/www.kle-blatt.de\/blog\/wp-json\/wp\/v2\/media\/17923"}],"wp:attachment":[{"href":"https:\/\/www.kle-blatt.de\/blog\/wp-json\/wp\/v2\/media?parent=17922"}],"wp:term":[{"taxonomy":"category","embeddable":true,"href":"https:\/\/www.kle-blatt.de\/blog\/wp-json\/wp\/v2\/categories?post=17922"},{"taxonomy":"post_tag","embeddable":true,"href":"https:\/\/www.kle-blatt.de\/blog\/wp-json\/wp\/v2\/tags?post=17922"}],"curies":[{"name":"wp","href":"https:\/\/api.w.org\/{rel}","templated":true}]}}