{"id":17942,"date":"2024-02-26T06:00:17","date_gmt":"2024-02-26T04:00:17","guid":{"rendered":"http:\/\/www.kle-blatt.de\/blog\/?p=17942"},"modified":"2024-01-04T12:31:39","modified_gmt":"2024-01-04T10:31:39","slug":"am-klever-fischmarkt","status":"publish","type":"post","link":"https:\/\/www.kle-blatt.de\/blog\/kleve-in-foto-video\/am-klever-fischmarkt.html","title":{"rendered":"Ist Dir das noch so bekannt? Am Klever Fischmarkt"},"content":{"rendered":"<p><strong>Ist Dir das noch so bekannt? Am Klever Fischmarkt<\/strong><\/p>\n<p>Lohengrin, Elsa, de Blagen und der Schwan befanden sich noch nicht an ihrem Brunnen, als dieses Bild entstand. Wir sehen noch die alte Werbe-Standuhr, den Mini-Laden oder auch Foto Dommers, was alles bei vielen Klevern noch in guter Erinnerung sein d\u00fcrfte. Allerdings war die Fu\u00dfg\u00e4ngerzone schon existent, wie wir am Verkehrsschild festmachen k\u00f6nnen.<\/p>\n<p><a href=\"http:\/\/www.kle-blatt.de\/blog\/wp-content\/uploads\/2016\/01\/fischmarkt.jpg\"><img loading=\"lazy\" decoding=\"async\" class=\"size-full wp-image-17943 aligncenter\" src=\"https:\/\/www.kle-blatt.de\/blog\/wp-content\/uploads\/2016\/01\/fischmarkt.jpg\" alt=\"Ist Dir das noch so bekannt? Am Klever Fischmarkt\" width=\"850\" height=\"1130\" \/><\/a><br \/>\n(Foto: Alfred Derks)<\/p>\n","protected":false},"excerpt":{"rendered":"<p>Ist Dir das noch so bekannt? Am Klever Fischmarkt Lohengrin, Elsa, de Blagen und der Schwan befanden sich noch nicht &hellip; <a href=\"https:\/\/www.kle-blatt.de\/blog\/kleve-in-foto-video\/am-klever-fischmarkt.html\" class=\"more-link\"><span class=\"more-button\">Weiterlesen<span class=\"screen-reader-text\">Ist Dir das noch so bekannt? Am Klever Fischmarkt<\/span><\/span><\/a><\/p>\n","protected":false},"author":2,"featured_media":17943,"comment_status":"closed","ping_status":"closed","sticky":false,"template":"","format":"standard","meta":{"footnotes":""},"categories":[3],"tags":[3748],"class_list":["post-17942","post","type-post","status-publish","format-standard","has-post-thumbnail","hentry","category-kleve-in-foto-video","tag-am-klever-fischmarkt"],"_links":{"self":[{"href":"https:\/\/www.kle-blatt.de\/blog\/wp-json\/wp\/v2\/posts\/17942","targetHints":{"allow":["GET"]}}],"collection":[{"href":"https:\/\/www.kle-blatt.de\/blog\/wp-json\/wp\/v2\/posts"}],"about":[{"href":"https:\/\/www.kle-blatt.de\/blog\/wp-json\/wp\/v2\/types\/post"}],"author":[{"embeddable":true,"href":"https:\/\/www.kle-blatt.de\/blog\/wp-json\/wp\/v2\/users\/2"}],"replies":[{"embeddable":true,"href":"https:\/\/www.kle-blatt.de\/blog\/wp-json\/wp\/v2\/comments?post=17942"}],"version-history":[{"count":2,"href":"https:\/\/www.kle-blatt.de\/blog\/wp-json\/wp\/v2\/posts\/17942\/revisions"}],"predecessor-version":[{"id":33236,"href":"https:\/\/www.kle-blatt.de\/blog\/wp-json\/wp\/v2\/posts\/17942\/revisions\/33236"}],"wp:featuredmedia":[{"embeddable":true,"href":"https:\/\/www.kle-blatt.de\/blog\/wp-json\/wp\/v2\/media\/17943"}],"wp:attachment":[{"href":"https:\/\/www.kle-blatt.de\/blog\/wp-json\/wp\/v2\/media?parent=17942"}],"wp:term":[{"taxonomy":"category","embeddable":true,"href":"https:\/\/www.kle-blatt.de\/blog\/wp-json\/wp\/v2\/categories?post=17942"},{"taxonomy":"post_tag","embeddable":true,"href":"https:\/\/www.kle-blatt.de\/blog\/wp-json\/wp\/v2\/tags?post=17942"}],"curies":[{"name":"wp","href":"https:\/\/api.w.org\/{rel}","templated":true}]}}