{"id":17995,"date":"2022-02-06T06:20:31","date_gmt":"2022-02-06T04:20:31","guid":{"rendered":"http:\/\/www.kle-blatt.de\/blog\/?p=17995"},"modified":"2022-01-11T11:33:09","modified_gmt":"2022-01-11T09:33:09","slug":"gruener-heideberg-in-kleve","status":"publish","type":"post","link":"https:\/\/www.kle-blatt.de\/blog\/kleve-in-foto-video\/aus-dem-privatalbum\/gruener-heideberg-in-kleve.html","title":{"rendered":"So gekannt? Gr\u00fcner Heideberg in Kleve"},"content":{"rendered":"<p><strong>So gekannt? Gr\u00fcner Heideberg in Kleve<\/strong><\/p>\n<p>Alte und verwitterte Geb\u00e4ude sehen wir hier im Jahre 1944 am Gr\u00fcnen Heideberg. Wie man den Werbeschildern noch entnehmen kann, handelte es sich um das Haus des Klempnermeisters Friedrich Koenen und das Gesch\u00e4ft von C.F.Beck. Es ist der Tag der M\u00fcllabfuhr, was wir an den beiden M\u00fclleimern am Stra\u00dfenrand fest machen\u00a0k\u00f6nnen.<\/p>\n<p><a href=\"http:\/\/www.kle-blatt.de\/blog\/wp-content\/uploads\/2016\/01\/gr\u00fcner-heideberg-1944-3-heinz-lankeit.jpg\"><img loading=\"lazy\" decoding=\"async\" class=\"size-full wp-image-17996 aligncenter\" src=\"https:\/\/www.kle-blatt.de\/blog\/wp-content\/uploads\/2016\/01\/gr\u00fcner-heideberg-1944-3-heinz-lankeit.jpg\" alt=\"So gekannt? Gr\u00fcner Heideberg in Kleve\" width=\"850\" height=\"632\" \/><\/a><\/p>\n","protected":false},"excerpt":{"rendered":"<p>So gekannt? Gr\u00fcner Heideberg in Kleve Alte und verwitterte Geb\u00e4ude sehen wir hier im Jahre 1944 am Gr\u00fcnen Heideberg. Wie &hellip; <a href=\"https:\/\/www.kle-blatt.de\/blog\/kleve-in-foto-video\/aus-dem-privatalbum\/gruener-heideberg-in-kleve.html\" class=\"more-link\"><span class=\"more-button\">Weiterlesen<span class=\"screen-reader-text\">So gekannt? Gr\u00fcner Heideberg in Kleve<\/span><\/span><\/a><\/p>\n","protected":false},"author":2,"featured_media":17996,"comment_status":"open","ping_status":"closed","sticky":false,"template":"","format":"standard","meta":{"footnotes":""},"categories":[20],"tags":[3765],"class_list":["post-17995","post","type-post","status-publish","format-standard","has-post-thumbnail","hentry","category-aus-dem-privatalbum","tag-gruener-heideberg-in-kleve"],"_links":{"self":[{"href":"https:\/\/www.kle-blatt.de\/blog\/wp-json\/wp\/v2\/posts\/17995","targetHints":{"allow":["GET"]}}],"collection":[{"href":"https:\/\/www.kle-blatt.de\/blog\/wp-json\/wp\/v2\/posts"}],"about":[{"href":"https:\/\/www.kle-blatt.de\/blog\/wp-json\/wp\/v2\/types\/post"}],"author":[{"embeddable":true,"href":"https:\/\/www.kle-blatt.de\/blog\/wp-json\/wp\/v2\/users\/2"}],"replies":[{"embeddable":true,"href":"https:\/\/www.kle-blatt.de\/blog\/wp-json\/wp\/v2\/comments?post=17995"}],"version-history":[{"count":2,"href":"https:\/\/www.kle-blatt.de\/blog\/wp-json\/wp\/v2\/posts\/17995\/revisions"}],"predecessor-version":[{"id":29890,"href":"https:\/\/www.kle-blatt.de\/blog\/wp-json\/wp\/v2\/posts\/17995\/revisions\/29890"}],"wp:featuredmedia":[{"embeddable":true,"href":"https:\/\/www.kle-blatt.de\/blog\/wp-json\/wp\/v2\/media\/17996"}],"wp:attachment":[{"href":"https:\/\/www.kle-blatt.de\/blog\/wp-json\/wp\/v2\/media?parent=17995"}],"wp:term":[{"taxonomy":"category","embeddable":true,"href":"https:\/\/www.kle-blatt.de\/blog\/wp-json\/wp\/v2\/categories?post=17995"},{"taxonomy":"post_tag","embeddable":true,"href":"https:\/\/www.kle-blatt.de\/blog\/wp-json\/wp\/v2\/tags?post=17995"}],"curies":[{"name":"wp","href":"https:\/\/api.w.org\/{rel}","templated":true}]}}