{"id":18020,"date":"2022-02-05T06:30:50","date_gmt":"2022-02-05T04:30:50","guid":{"rendered":"http:\/\/www.kle-blatt.de\/blog\/?p=18020"},"modified":"2022-01-11T11:30:26","modified_gmt":"2022-01-11T09:30:26","slug":"der-eingang-nach-kellen","status":"publish","type":"post","link":"https:\/\/www.kle-blatt.de\/blog\/kleve-in-foto-video\/der-eingang-nach-kellen.html","title":{"rendered":"Der Eingang nach Kellen"},"content":{"rendered":"<p><strong>Der Eingang nach Kellen<\/strong><\/p>\n<p>Irgend etwas war zur Zeit der Entstehung dieses Bildes in Kellen los. Man sieht es an der Beflaggung und dem beleuchteten Willkommen-Schild. Reichlich Verkehr herrschte hier auf der Emmericher Stra\u00dfe allerdings noch nicht. Wir erkennen auch das Band der Stra\u00dfenbahn-Schienen. Ein Junge steht einsam mitten auf der Fahrbahn und erwartet&#8230;was? Das Geb\u00e4ude links beherbergt heute das griechische Restaurant &#8222;Athen&#8220;.<\/p>\n<p><a href=\"http:\/\/www.kle-blatt.de\/blog\/wp-content\/uploads\/2016\/01\/eingang-kellen-klein.jpg\"><img loading=\"lazy\" decoding=\"async\" class=\"size-full wp-image-18021 aligncenter\" src=\"https:\/\/www.kle-blatt.de\/blog\/wp-content\/uploads\/2016\/01\/eingang-kellen-klein.jpg\" alt=\"Der Eingang nach Kellen\" width=\"850\" height=\"575\" \/><\/a><br \/>\n(Foto eingereicht von Peter Nengel)<\/p>\n","protected":false},"excerpt":{"rendered":"<p>Der Eingang nach Kellen Irgend etwas war zur Zeit der Entstehung dieses Bildes in Kellen los. Man sieht es an &hellip; <a href=\"https:\/\/www.kle-blatt.de\/blog\/kleve-in-foto-video\/der-eingang-nach-kellen.html\" class=\"more-link\"><span class=\"more-button\">Weiterlesen<span class=\"screen-reader-text\">Der Eingang nach Kellen<\/span><\/span><\/a><\/p>\n","protected":false},"author":2,"featured_media":18021,"comment_status":"open","ping_status":"closed","sticky":false,"template":"","format":"standard","meta":{"footnotes":""},"categories":[3],"tags":[3774],"class_list":["post-18020","post","type-post","status-publish","format-standard","has-post-thumbnail","hentry","category-kleve-in-foto-video","tag-der-eingang-nach-kellen"],"_links":{"self":[{"href":"https:\/\/www.kle-blatt.de\/blog\/wp-json\/wp\/v2\/posts\/18020","targetHints":{"allow":["GET"]}}],"collection":[{"href":"https:\/\/www.kle-blatt.de\/blog\/wp-json\/wp\/v2\/posts"}],"about":[{"href":"https:\/\/www.kle-blatt.de\/blog\/wp-json\/wp\/v2\/types\/post"}],"author":[{"embeddable":true,"href":"https:\/\/www.kle-blatt.de\/blog\/wp-json\/wp\/v2\/users\/2"}],"replies":[{"embeddable":true,"href":"https:\/\/www.kle-blatt.de\/blog\/wp-json\/wp\/v2\/comments?post=18020"}],"version-history":[{"count":2,"href":"https:\/\/www.kle-blatt.de\/blog\/wp-json\/wp\/v2\/posts\/18020\/revisions"}],"predecessor-version":[{"id":29888,"href":"https:\/\/www.kle-blatt.de\/blog\/wp-json\/wp\/v2\/posts\/18020\/revisions\/29888"}],"wp:featuredmedia":[{"embeddable":true,"href":"https:\/\/www.kle-blatt.de\/blog\/wp-json\/wp\/v2\/media\/18021"}],"wp:attachment":[{"href":"https:\/\/www.kle-blatt.de\/blog\/wp-json\/wp\/v2\/media?parent=18020"}],"wp:term":[{"taxonomy":"category","embeddable":true,"href":"https:\/\/www.kle-blatt.de\/blog\/wp-json\/wp\/v2\/categories?post=18020"},{"taxonomy":"post_tag","embeddable":true,"href":"https:\/\/www.kle-blatt.de\/blog\/wp-json\/wp\/v2\/tags?post=18020"}],"curies":[{"name":"wp","href":"https:\/\/api.w.org\/{rel}","templated":true}]}}