{"id":181,"date":"2024-12-07T07:02:05","date_gmt":"2024-12-07T05:02:05","guid":{"rendered":"http:\/\/www.kle-blatt.de\/blog\/?p=181"},"modified":"2024-11-04T13:38:49","modified_gmt":"2024-11-04T11:38:49","slug":"bebauung-der-unterstadt","status":"publish","type":"post","link":"https:\/\/www.kle-blatt.de\/blog\/kleve-in-foto-video\/bebauung-der-unterstadt.html","title":{"rendered":"Wei\u00dft Du noch vor zw\u00f6lf Jahren?"},"content":{"rendered":"<p><strong>Wei\u00dft Du noch vor zw\u00f6lf Jahren?<\/strong><\/p>\n<p>Diese Aufnahme entstand am 06.04.2012 und zeigt den Beginn der Bauarbeiten f\u00fcr das damals so benannte \u00c4rztehaus am Opschlag in Kleve. Bauherr war der\u00a0Alltours-Chef Willi Verhuven.<\/p>\n<p><img loading=\"lazy\" decoding=\"async\" class=\"size-full wp-image-182 aligncenter\" src=\"https:\/\/www.kle-blatt.de\/blog\/wp-content\/uploads\/2012\/12\/kleblatt-2.jpg\" alt=\"Wei\u00dft Du noch vor zw\u00f6lf Jahren?\" width=\"850\" height=\"650\" \/><br \/>\n(Foto: Klaus Neumann)<\/p>\n","protected":false},"excerpt":{"rendered":"<p>Wei\u00dft Du noch vor zw\u00f6lf Jahren? Diese Aufnahme entstand am 06.04.2012 und zeigt den Beginn der Bauarbeiten f\u00fcr das damals &hellip; <a href=\"https:\/\/www.kle-blatt.de\/blog\/kleve-in-foto-video\/bebauung-der-unterstadt.html\" class=\"more-link\"><span class=\"more-button\">Weiterlesen<span class=\"screen-reader-text\">Wei\u00dft Du noch vor zw\u00f6lf Jahren?<\/span><\/span><\/a><\/p>\n","protected":false},"author":2,"featured_media":182,"comment_status":"closed","ping_status":"closed","sticky":false,"template":"","format":"standard","meta":{"footnotes":""},"categories":[3],"tags":[86,87,6256],"class_list":["post-181","post","type-post","status-publish","format-standard","has-post-thumbnail","hentry","category-kleve-in-foto-video","tag-arztehaus-opschlag-kleve","tag-bebauung-opschlag","tag-weisst-du-noch-vor-zwoelf-jahren"],"_links":{"self":[{"href":"https:\/\/www.kle-blatt.de\/blog\/wp-json\/wp\/v2\/posts\/181","targetHints":{"allow":["GET"]}}],"collection":[{"href":"https:\/\/www.kle-blatt.de\/blog\/wp-json\/wp\/v2\/posts"}],"about":[{"href":"https:\/\/www.kle-blatt.de\/blog\/wp-json\/wp\/v2\/types\/post"}],"author":[{"embeddable":true,"href":"https:\/\/www.kle-blatt.de\/blog\/wp-json\/wp\/v2\/users\/2"}],"replies":[{"embeddable":true,"href":"https:\/\/www.kle-blatt.de\/blog\/wp-json\/wp\/v2\/comments?post=181"}],"version-history":[{"count":4,"href":"https:\/\/www.kle-blatt.de\/blog\/wp-json\/wp\/v2\/posts\/181\/revisions"}],"predecessor-version":[{"id":34575,"href":"https:\/\/www.kle-blatt.de\/blog\/wp-json\/wp\/v2\/posts\/181\/revisions\/34575"}],"wp:featuredmedia":[{"embeddable":true,"href":"https:\/\/www.kle-blatt.de\/blog\/wp-json\/wp\/v2\/media\/182"}],"wp:attachment":[{"href":"https:\/\/www.kle-blatt.de\/blog\/wp-json\/wp\/v2\/media?parent=181"}],"wp:term":[{"taxonomy":"category","embeddable":true,"href":"https:\/\/www.kle-blatt.de\/blog\/wp-json\/wp\/v2\/categories?post=181"},{"taxonomy":"post_tag","embeddable":true,"href":"https:\/\/www.kle-blatt.de\/blog\/wp-json\/wp\/v2\/tags?post=181"}],"curies":[{"name":"wp","href":"https:\/\/api.w.org\/{rel}","templated":true}]}}