{"id":18119,"date":"2025-03-14T07:10:59","date_gmt":"2025-03-14T05:10:59","guid":{"rendered":"http:\/\/www.kle-blatt.de\/blog\/?p=18119"},"modified":"2025-01-22T14:46:21","modified_gmt":"2025-01-22T12:46:21","slug":"solarenergie-in-den-dreissigern","status":"publish","type":"post","link":"https:\/\/www.kle-blatt.de\/blog\/kleve-in-foto-video\/aus-dem-privatalbum\/solarenergie-in-den-dreissigern.html","title":{"rendered":"Gab es wirklich schon Solarenergie in den Drei\u00dfigern?"},"content":{"rendered":"<p><strong>Gab es wirklich schon Solarenergie in den Drei\u00dfigern?<\/strong><\/p>\n<p>Auf den ersten Blick k\u00f6nnte man meinen, Sonnen-Kollektoren zu erkennen. Doch das Bild stammt aus dem Jahre 1936. Wir sehen hier Arbeiten f\u00fcr den damaligen Tabak-Anbau in Oberm\u00f6rmter. Im M\u00e4rz eines jeden Jahres wurden die Tabaksamen ins Fr\u00fchbeet einges\u00e4t. Das Foto zeigt den Landwirt Gerhard Maas mit seinem Sohn Wilhelm, die dabei sind, die empfindlichen jungen Tabakpflanzen zu bew\u00e4ssern. Dazu benutzte man fr\u00fcher noch die gute alte Gie\u00dfkanne.<\/p>\n<p><a href=\"http:\/\/www.kle-blatt.de\/blog\/wp-content\/uploads\/2016\/02\/tabakernte-70.jpg\"><img loading=\"lazy\" decoding=\"async\" class=\"size-full wp-image-18121 aligncenter\" src=\"https:\/\/www.kle-blatt.de\/blog\/wp-content\/uploads\/2016\/02\/tabakernte-70.jpg\" alt=\"Gab es wirklich schon Solarenergie in den Drei\u00dfigern?\" width=\"850\" height=\"482\" \/><\/a><br \/>\n(Foto: &#8222;Bilder und Geschichten vom Niederrhein&#8220; &#8211; Clemens Reinders)<\/p>\n","protected":false},"excerpt":{"rendered":"<p>Gab es wirklich schon Solarenergie in den Drei\u00dfigern? Auf den ersten Blick k\u00f6nnte man meinen, Sonnen-Kollektoren zu erkennen. Doch das &hellip; <a href=\"https:\/\/www.kle-blatt.de\/blog\/kleve-in-foto-video\/aus-dem-privatalbum\/solarenergie-in-den-dreissigern.html\" class=\"more-link\"><span class=\"more-button\">Weiterlesen<span class=\"screen-reader-text\">Gab es wirklich schon Solarenergie in den Drei\u00dfigern?<\/span><\/span><\/a><\/p>\n","protected":false},"author":2,"featured_media":18121,"comment_status":"closed","ping_status":"closed","sticky":false,"template":"","format":"standard","meta":{"footnotes":""},"categories":[20],"tags":[5301],"class_list":["post-18119","post","type-post","status-publish","format-standard","has-post-thumbnail","hentry","category-aus-dem-privatalbum","tag-gab-es-wirklich-schon-solarenergie-in-den-dreissigern"],"_links":{"self":[{"href":"https:\/\/www.kle-blatt.de\/blog\/wp-json\/wp\/v2\/posts\/18119","targetHints":{"allow":["GET"]}}],"collection":[{"href":"https:\/\/www.kle-blatt.de\/blog\/wp-json\/wp\/v2\/posts"}],"about":[{"href":"https:\/\/www.kle-blatt.de\/blog\/wp-json\/wp\/v2\/types\/post"}],"author":[{"embeddable":true,"href":"https:\/\/www.kle-blatt.de\/blog\/wp-json\/wp\/v2\/users\/2"}],"replies":[{"embeddable":true,"href":"https:\/\/www.kle-blatt.de\/blog\/wp-json\/wp\/v2\/comments?post=18119"}],"version-history":[{"count":2,"href":"https:\/\/www.kle-blatt.de\/blog\/wp-json\/wp\/v2\/posts\/18119\/revisions"}],"predecessor-version":[{"id":34983,"href":"https:\/\/www.kle-blatt.de\/blog\/wp-json\/wp\/v2\/posts\/18119\/revisions\/34983"}],"wp:featuredmedia":[{"embeddable":true,"href":"https:\/\/www.kle-blatt.de\/blog\/wp-json\/wp\/v2\/media\/18121"}],"wp:attachment":[{"href":"https:\/\/www.kle-blatt.de\/blog\/wp-json\/wp\/v2\/media?parent=18119"}],"wp:term":[{"taxonomy":"category","embeddable":true,"href":"https:\/\/www.kle-blatt.de\/blog\/wp-json\/wp\/v2\/categories?post=18119"},{"taxonomy":"post_tag","embeddable":true,"href":"https:\/\/www.kle-blatt.de\/blog\/wp-json\/wp\/v2\/tags?post=18119"}],"curies":[{"name":"wp","href":"https:\/\/api.w.org\/{rel}","templated":true}]}}