{"id":18133,"date":"2021-03-25T07:00:54","date_gmt":"2021-03-25T05:00:54","guid":{"rendered":"http:\/\/www.kle-blatt.de\/blog\/?p=18133"},"modified":"2021-02-19T11:48:47","modified_gmt":"2021-02-19T09:48:47","slug":"gasthausstrasse-ecke-wasserstrasse","status":"publish","type":"post","link":"https:\/\/www.kle-blatt.de\/blog\/kleve-in-foto-video\/gasthausstrasse-ecke-wasserstrasse.html","title":{"rendered":"Eine Erinnerung: Gasthausstra\u00dfe Ecke Wasserstra\u00dfe"},"content":{"rendered":"<p><strong>Eine Erinnerung: Gasthausstra\u00dfe Ecke Wasserstra\u00dfe<\/strong><\/p>\n<p>Zahlreiche Klever werden diese Ecke noch kennen, als die Firma Osterkamp und Thomas hier noch beheimatet war. An den Autos kann man in etwa bemessen, zu welcher Zeit das war. Es gab noch Parkstreifen auf der Gasthausstra\u00dfe.<\/p>\n<p><a href=\"http:\/\/www.kle-blatt.de\/blog\/wp-content\/uploads\/2016\/02\/osterkamp-Thomas-klein.jpg\"><img loading=\"lazy\" decoding=\"async\" class=\"size-full wp-image-18134 aligncenter\" src=\"https:\/\/www.kle-blatt.de\/blog\/wp-content\/uploads\/2016\/02\/osterkamp-Thomas-klein.jpg\" alt=\"Eine Erinnerung: Gasthausstra\u00dfe Ecke Wasserstra\u00dfe\" width=\"850\" height=\"630\" \/><\/a><br \/>\n(Foto: Alfred Derks)<\/p>\n","protected":false},"excerpt":{"rendered":"<p>Eine Erinnerung: Gasthausstra\u00dfe Ecke Wasserstra\u00dfe Zahlreiche Klever werden diese Ecke noch kennen, als die Firma Osterkamp und Thomas hier noch &hellip; <a href=\"https:\/\/www.kle-blatt.de\/blog\/kleve-in-foto-video\/gasthausstrasse-ecke-wasserstrasse.html\" class=\"more-link\"><span class=\"more-button\">Weiterlesen<span class=\"screen-reader-text\">Eine Erinnerung: Gasthausstra\u00dfe Ecke Wasserstra\u00dfe<\/span><\/span><\/a><\/p>\n","protected":false},"author":2,"featured_media":18134,"comment_status":"open","ping_status":"closed","sticky":false,"template":"","format":"standard","meta":{"footnotes":""},"categories":[3],"tags":[3796],"class_list":["post-18133","post","type-post","status-publish","format-standard","has-post-thumbnail","hentry","category-kleve-in-foto-video","tag-gasthausstrasse-ecke-wasserstrasse"],"_links":{"self":[{"href":"https:\/\/www.kle-blatt.de\/blog\/wp-json\/wp\/v2\/posts\/18133","targetHints":{"allow":["GET"]}}],"collection":[{"href":"https:\/\/www.kle-blatt.de\/blog\/wp-json\/wp\/v2\/posts"}],"about":[{"href":"https:\/\/www.kle-blatt.de\/blog\/wp-json\/wp\/v2\/types\/post"}],"author":[{"embeddable":true,"href":"https:\/\/www.kle-blatt.de\/blog\/wp-json\/wp\/v2\/users\/2"}],"replies":[{"embeddable":true,"href":"https:\/\/www.kle-blatt.de\/blog\/wp-json\/wp\/v2\/comments?post=18133"}],"version-history":[{"count":2,"href":"https:\/\/www.kle-blatt.de\/blog\/wp-json\/wp\/v2\/posts\/18133\/revisions"}],"predecessor-version":[{"id":28352,"href":"https:\/\/www.kle-blatt.de\/blog\/wp-json\/wp\/v2\/posts\/18133\/revisions\/28352"}],"wp:featuredmedia":[{"embeddable":true,"href":"https:\/\/www.kle-blatt.de\/blog\/wp-json\/wp\/v2\/media\/18134"}],"wp:attachment":[{"href":"https:\/\/www.kle-blatt.de\/blog\/wp-json\/wp\/v2\/media?parent=18133"}],"wp:term":[{"taxonomy":"category","embeddable":true,"href":"https:\/\/www.kle-blatt.de\/blog\/wp-json\/wp\/v2\/categories?post=18133"},{"taxonomy":"post_tag","embeddable":true,"href":"https:\/\/www.kle-blatt.de\/blog\/wp-json\/wp\/v2\/tags?post=18133"}],"curies":[{"name":"wp","href":"https:\/\/api.w.org\/{rel}","templated":true}]}}