{"id":18229,"date":"2016-03-29T07:10:54","date_gmt":"2016-03-29T05:10:54","guid":{"rendered":"http:\/\/www.kle-blatt.de\/blog\/?p=18229"},"modified":"2016-02-16T17:13:26","modified_gmt":"2016-02-16T15:13:26","slug":"die-alte-dr-scholten-strasse-in-kleve","status":"publish","type":"post","link":"https:\/\/www.kle-blatt.de\/blog\/kleve-in-foto-video\/die-alte-dr-scholten-strasse-in-kleve.html","title":{"rendered":"Die alte Dr. Scholten-Stra\u00dfe in Kleve"},"content":{"rendered":"<p><strong>Die alte Dr. Scholten-Stra\u00dfe in Kleve<\/strong><\/p>\n<p>Zum Zeitpunkt der Aufnahme dieses Bildes war die Dr. Scholten-Stra\u00dfe noch nicht befestigt und verf\u00fcgte weder \u00fcber Stra\u00dfenbelag noch Kopfsteinpflaster. Wie immer in dieser Zeit, rief der Auftritt eines Fotografen gro\u00dfe Neugier hervor. So auch hier. Schnell fanden sich ganze Familien ein, um sich ablichten zu lassen. \ud83d\ude42<\/p>\n<p><a href=\"http:\/\/www.kle-blatt.de\/blog\/wp-content\/uploads\/2016\/02\/dr-scholten-stra\u00dfe.jpg\"><img loading=\"lazy\" decoding=\"async\" class=\"alignleft size-full wp-image-18230\" src=\"http:\/\/www.kle-blatt.de\/blog\/wp-content\/uploads\/2016\/02\/dr-scholten-stra\u00dfe.jpg\" alt=\"dr scholten-stra\u00dfe\" width=\"650\" height=\"485\" srcset=\"https:\/\/www.kle-blatt.de\/blog\/wp-content\/uploads\/2016\/02\/dr-scholten-stra\u00dfe.jpg 650w, https:\/\/www.kle-blatt.de\/blog\/wp-content\/uploads\/2016\/02\/dr-scholten-stra\u00dfe-300x224.jpg 300w\" sizes=\"auto, (max-width: 650px) 100vw, 650px\" \/><\/a><br \/>\n(Foto gezeigt von Kurt Pieper)<\/p>\n","protected":false},"excerpt":{"rendered":"<p>Die alte Dr. Scholten-Stra\u00dfe in Kleve Zum Zeitpunkt der Aufnahme dieses Bildes war die Dr. Scholten-Stra\u00dfe noch nicht befestigt und &hellip; <a href=\"https:\/\/www.kle-blatt.de\/blog\/kleve-in-foto-video\/die-alte-dr-scholten-strasse-in-kleve.html\" class=\"more-link\"><span class=\"more-button\">Weiterlesen<span class=\"screen-reader-text\">Die alte Dr. Scholten-Stra\u00dfe in Kleve<\/span><\/span><\/a><\/p>\n","protected":false},"author":2,"featured_media":0,"comment_status":"open","ping_status":"closed","sticky":false,"template":"","format":"standard","meta":{"footnotes":""},"categories":[3],"tags":[3824],"class_list":["post-18229","post","type-post","status-publish","format-standard","hentry","category-kleve-in-foto-video","tag-die-alte-dr-scholten-strasse-in-kleve"],"_links":{"self":[{"href":"https:\/\/www.kle-blatt.de\/blog\/wp-json\/wp\/v2\/posts\/18229","targetHints":{"allow":["GET"]}}],"collection":[{"href":"https:\/\/www.kle-blatt.de\/blog\/wp-json\/wp\/v2\/posts"}],"about":[{"href":"https:\/\/www.kle-blatt.de\/blog\/wp-json\/wp\/v2\/types\/post"}],"author":[{"embeddable":true,"href":"https:\/\/www.kle-blatt.de\/blog\/wp-json\/wp\/v2\/users\/2"}],"replies":[{"embeddable":true,"href":"https:\/\/www.kle-blatt.de\/blog\/wp-json\/wp\/v2\/comments?post=18229"}],"version-history":[{"count":0,"href":"https:\/\/www.kle-blatt.de\/blog\/wp-json\/wp\/v2\/posts\/18229\/revisions"}],"wp:attachment":[{"href":"https:\/\/www.kle-blatt.de\/blog\/wp-json\/wp\/v2\/media?parent=18229"}],"wp:term":[{"taxonomy":"category","embeddable":true,"href":"https:\/\/www.kle-blatt.de\/blog\/wp-json\/wp\/v2\/categories?post=18229"},{"taxonomy":"post_tag","embeddable":true,"href":"https:\/\/www.kle-blatt.de\/blog\/wp-json\/wp\/v2\/tags?post=18229"}],"curies":[{"name":"wp","href":"https:\/\/api.w.org\/{rel}","templated":true}]}}