{"id":18243,"date":"2024-03-30T07:10:21","date_gmt":"2024-03-30T05:10:21","guid":{"rendered":"http:\/\/www.kle-blatt.de\/blog\/?p=18243"},"modified":"2024-02-10T12:43:35","modified_gmt":"2024-02-10T10:43:35","slug":"frohe-ostergruesse-aus-bad-cleve","status":"publish","type":"post","link":"https:\/\/www.kle-blatt.de\/blog\/kleve-in-foto-video\/frohe-ostergruesse-aus-bad-cleve.html","title":{"rendered":"Frohe Ostergr\u00fc\u00dfe aus Bad Cleve"},"content":{"rendered":"<p><strong>Frohe Ostergr\u00fc\u00dfe aus Bad Cleve<\/strong><\/p>\n<p>Im Schwan sehen wir ein interessantes Bild vom alten Bad Cleve. Im Hintergrund die Schwanenburg dient als Orientierung. Das schmale Geb\u00e4ude mit dem T\u00fcrmchen und dem Bogen-Durchgang war das Mitteltor. Auf der Gro\u00dfen Stra\u00dfe findet man noch eine in den Boden eingelassene Platte, die den ehemaligen Standort bezeichnet. Ein franz\u00f6sischer Einfluss bei den abgebildeten Menschen l\u00e4sst sich nicht verleugnen.<br \/>\nFrohe Ostern allen Klever B\u00fcrgerinnen und B\u00fcrgern, sowie allen G\u00e4sten und Besuchern unserer sch\u00f6nen Stadt.<\/p>\n<p><a href=\"http:\/\/www.kle-blatt.de\/blog\/wp-content\/uploads\/2016\/02\/ostern-bad-cleve-klein.jpg\"><img loading=\"lazy\" decoding=\"async\" class=\"size-full wp-image-18244 aligncenter\" src=\"https:\/\/www.kle-blatt.de\/blog\/wp-content\/uploads\/2016\/02\/ostern-bad-cleve-klein.jpg\" alt=\"Frohe Ostergr\u00fc\u00dfe aus Bad Cleve\" width=\"850\" height=\"553\" \/><\/a><br \/>\n(Foto eingereicht von Berry Sixtyfive)<\/p>\n","protected":false},"excerpt":{"rendered":"<p>Frohe Ostergr\u00fc\u00dfe aus Bad Cleve Im Schwan sehen wir ein interessantes Bild vom alten Bad Cleve. Im Hintergrund die Schwanenburg &hellip; <a href=\"https:\/\/www.kle-blatt.de\/blog\/kleve-in-foto-video\/frohe-ostergruesse-aus-bad-cleve.html\" class=\"more-link\"><span class=\"more-button\">Weiterlesen<span class=\"screen-reader-text\">Frohe Ostergr\u00fc\u00dfe aus Bad Cleve<\/span><\/span><\/a><\/p>\n","protected":false},"author":2,"featured_media":18244,"comment_status":"closed","ping_status":"closed","sticky":false,"template":"","format":"standard","meta":{"footnotes":""},"categories":[3],"tags":[3828],"class_list":["post-18243","post","type-post","status-publish","format-standard","has-post-thumbnail","hentry","category-kleve-in-foto-video","tag-frohe-ostergruesse-aus-bad-cleve"],"_links":{"self":[{"href":"https:\/\/www.kle-blatt.de\/blog\/wp-json\/wp\/v2\/posts\/18243","targetHints":{"allow":["GET"]}}],"collection":[{"href":"https:\/\/www.kle-blatt.de\/blog\/wp-json\/wp\/v2\/posts"}],"about":[{"href":"https:\/\/www.kle-blatt.de\/blog\/wp-json\/wp\/v2\/types\/post"}],"author":[{"embeddable":true,"href":"https:\/\/www.kle-blatt.de\/blog\/wp-json\/wp\/v2\/users\/2"}],"replies":[{"embeddable":true,"href":"https:\/\/www.kle-blatt.de\/blog\/wp-json\/wp\/v2\/comments?post=18243"}],"version-history":[{"count":2,"href":"https:\/\/www.kle-blatt.de\/blog\/wp-json\/wp\/v2\/posts\/18243\/revisions"}],"predecessor-version":[{"id":33413,"href":"https:\/\/www.kle-blatt.de\/blog\/wp-json\/wp\/v2\/posts\/18243\/revisions\/33413"}],"wp:featuredmedia":[{"embeddable":true,"href":"https:\/\/www.kle-blatt.de\/blog\/wp-json\/wp\/v2\/media\/18244"}],"wp:attachment":[{"href":"https:\/\/www.kle-blatt.de\/blog\/wp-json\/wp\/v2\/media?parent=18243"}],"wp:term":[{"taxonomy":"category","embeddable":true,"href":"https:\/\/www.kle-blatt.de\/blog\/wp-json\/wp\/v2\/categories?post=18243"},{"taxonomy":"post_tag","embeddable":true,"href":"https:\/\/www.kle-blatt.de\/blog\/wp-json\/wp\/v2\/tags?post=18243"}],"curies":[{"name":"wp","href":"https:\/\/api.w.org\/{rel}","templated":true}]}}